{"id":24127,"date":"2016-10-21T03:54:15","date_gmt":"2016-10-21T06:54:15","guid":{"rendered":"http:\/\/www.crossprensa.com.ar\/news\/?p=24127"},"modified":"2016-10-22T13:18:56","modified_gmt":"2016-10-22T16:18:56","slug":"viernes-retro-diego-graziosi","status":"publish","type":"post","link":"https:\/\/www.crossprensa.com.ar\/news\/viernes-retro-diego-graziosi\/mx\/","title":{"rendered":"Viernes Retro: Diego Graziosi."},"content":{"rendered":"<p style=\"text-align: justify;\">Campe\u00f3n Argentino de Motocross en 1978 y sub Campe\u00f3n de 1979. Hablar de Diego es tocar el tema de una persona apasionada, amable, educado, buena onda y amante de este deporte con una intensidad incre\u00edble. Este Viernes le toca a \u00e9l ser el recordado y homenajeado por mucho mas que sus logros deportivos por todo lo que en realidad representa para el motocross argentino y su proyecci\u00f3n internacional.<\/p>\n<p style=\"text-align: justify;\">Se\u00f1ores&#8230; se lo presentamos.<\/p>\n<p><!--more--><\/p>\n<p><img fetchpriority=\"high\" decoding=\"async\" class=\"aligncenter size-large wp-image-24129\" src=\"http:\/\/www.crossprensa.com.ar\/news\/wp-content\/uploads\/2016\/10\/Imagen-504x400.jpg\" alt=\"imagen\" width=\"504\" height=\"400\" srcset=\"https:\/\/www.crossprensa.com.ar\/news\/wp-content\/uploads\/2016\/10\/Imagen-504x400.jpg 504w, https:\/\/www.crossprensa.com.ar\/news\/wp-content\/uploads\/2016\/10\/Imagen-300x238.jpg 300w, https:\/\/www.crossprensa.com.ar\/news\/wp-content\/uploads\/2016\/10\/Imagen-768x609.jpg 768w, https:\/\/www.crossprensa.com.ar\/news\/wp-content\/uploads\/2016\/10\/Imagen-750x595.jpg 750w, https:\/\/www.crossprensa.com.ar\/news\/wp-content\/uploads\/2016\/10\/Imagen.jpg 914w\" sizes=\"(max-width: 504px) 100vw, 504px\" \/><\/p>\n<p>1-\u00a0\u00a0\u00a0\u00a0\u00a0\u00a0\u00a0\u00a0\u00a0\u00a0 Donde y cuando naciste Diego?<\/p>\n<p>Capital federal 08\/04\/60<\/p>\n<p>&nbsp;<\/p>\n<p>2-\u00a0\u00a0\u00a0\u00a0\u00a0\u00a0\u00a0\u00a0\u00a0\u00a0 Como empezaste con las motos?<\/p>\n<p>la moto viene de familia, mi padre Eduardo corr\u00edo de joven varios a\u00f1os en moto y mi hermano Martin me compro mi primer moto.<\/p>\n<p><em><strong>Eduardo, el padre de Diego corriendo en Speedway con un estilo impresionante!<\/strong><\/em><\/p>\n<p><img decoding=\"async\" class=\"aligncenter size-large wp-image-24130\" src=\"http:\/\/www.crossprensa.com.ar\/news\/wp-content\/uploads\/2016\/10\/defeb11d-0b26-48c3-af3f-b8075e02b545-533x400.jpg\" alt=\"defeb11d-0b26-48c3-af3f-b8075e02b545\" width=\"533\" height=\"400\" \/><\/p>\n<p>3-\u00a0\u00a0\u00a0\u00a0\u00a0\u00a0\u00a0\u00a0\u00a0\u00a0 Cual fue tu primera carrera de motocross?<\/p>\n<p>mi primer carrera fue a lo 14 a\u00f1os en Auto Parque Ezeiza<\/p>\n<p><img decoding=\"async\" class=\"aligncenter size-large wp-image-24131\" src=\"http:\/\/www.crossprensa.com.ar\/news\/wp-content\/uploads\/2016\/10\/rosario1978-335x400.jpg\" alt=\"rosario1978\" width=\"335\" height=\"400\" srcset=\"https:\/\/www.crossprensa.com.ar\/news\/wp-content\/uploads\/2016\/10\/rosario1978-335x400.jpg 335w, https:\/\/www.crossprensa.com.ar\/news\/wp-content\/uploads\/2016\/10\/rosario1978-251x300.jpg 251w, https:\/\/www.crossprensa.com.ar\/news\/wp-content\/uploads\/2016\/10\/rosario1978-768x916.jpg 768w, https:\/\/www.crossprensa.com.ar\/news\/wp-content\/uploads\/2016\/10\/rosario1978-1287x1536.jpg 1287w, https:\/\/www.crossprensa.com.ar\/news\/wp-content\/uploads\/2016\/10\/rosario1978-750x895.jpg 750w, https:\/\/www.crossprensa.com.ar\/news\/wp-content\/uploads\/2016\/10\/rosario1978-1140x1360.jpg 1140w, https:\/\/www.crossprensa.com.ar\/news\/wp-content\/uploads\/2016\/10\/rosario1978.jpg 1408w\" sizes=\"(max-width: 335px) 100vw, 335px\" \/><\/p>\n<p>4-\u00a0\u00a0\u00a0\u00a0\u00a0\u00a0\u00a0\u00a0\u00a0\u00a0 Y tu primera moto de carrera?<\/p>\n<p>mi primer moto de carrera fue una Zanela MX 175 mono casco , que modificaba Reinaldo Cozzani con su socio Joe Barcena! En su local de libertador y Paran\u00e1 en la Lucila\u00a0 ! Espectacular para la \u00e9poca!<\/p>\n<p>&nbsp;<\/p>\n<p>5-\u00a0\u00a0\u00a0\u00a0\u00a0\u00a0\u00a0\u00a0\u00a0\u00a0 Cual es la carrera que mas record\u00e1s?<\/p>\n<p>recuerdo muchas carreras , pero una que me marc\u00f3 un cambio fue el latinoamericano del a\u00f1o 1979 en Frank Santa Fe fue la primera carrera en medirme con pilotos extranjeros ! Largue \u00faltimo despu\u00e9s de engancharme en la largada y llegue 5 to mordi\u00e9ndole los talones al 4 to ! Fue una gran satisfacci\u00f3n , nunca me voy a olvidar de verlo vuelta tras vuela a \u00d3scar Guerrero euf\u00f3rico alent\u00e1ndome y gesticulando con los brazos! Fui el mejor argentino clasificado en 125cc<\/p>\n<p><img loading=\"lazy\" decoding=\"async\" class=\"aligncenter size-large wp-image-24132\" src=\"http:\/\/www.crossprensa.com.ar\/news\/wp-content\/uploads\/2016\/10\/Imagen_042-548x400.jpg\" alt=\"imagen_042\" width=\"548\" height=\"400\" \/><\/p>\n<p>6-\u00a0\u00a0\u00a0\u00a0\u00a0\u00a0\u00a0\u00a0\u00a0\u00a0 Cual fue tu rival mas duro?<\/p>\n<p>el rival m\u00e1s duro fue sin Duda Patricio James! Un gran piloto!<\/p>\n<p>&nbsp;<\/p>\n<p>7-\u00a0\u00a0\u00a0\u00a0\u00a0\u00a0\u00a0\u00a0\u00a0\u00a0 Tu mejor a\u00f1o en el deporte?<\/p>\n<p>por resultados 1978 y 79\u00a0 pero todos los a\u00f1os que corr\u00ed fueron los mejores!<\/p>\n<p><img loading=\"lazy\" decoding=\"async\" class=\"aligncenter size-large wp-image-24133\" src=\"http:\/\/www.crossprensa.com.ar\/news\/wp-content\/uploads\/2016\/10\/rosari1978-620x384.jpg\" alt=\"rosari1978\" width=\"620\" height=\"384\" \/><\/p>\n<p>8-\u00a0\u00a0\u00a0\u00a0\u00a0\u00a0\u00a0\u00a0\u00a0\u00a0 Como era salir campe\u00f3n Argentino en esos a\u00f1os? Como se sent\u00eda?<\/p>\n<p>salir campe\u00f3n Arg Fue un Gran Premio que me abri\u00f3 muchas puertas en ese momento!<\/p>\n<p>&nbsp;<\/p>\n<p>9-\u00a0\u00a0\u00a0\u00a0\u00a0\u00a0\u00a0\u00a0\u00a0\u00a0 Fuera de la pasi\u00f3n, hay punto de comparaci\u00f3n con el MX actual?<\/p>\n<p>puntos de comparaci\u00f3n no muchos!<\/p>\n<p>En esa \u00e9poca no hab\u00eda tantas motos y facilidades para obtenerla como hoy!<\/p>\n<p>Era un deporte m\u00e1s elitista ac\u00e1 en Arg ! Y obviamente evolucion\u00f3 much\u00edsimo!<\/p>\n<p><img loading=\"lazy\" decoding=\"async\" class=\"aligncenter size-large wp-image-24134\" src=\"http:\/\/www.crossprensa.com.ar\/news\/wp-content\/uploads\/2016\/10\/matute_001-573x400.jpg\" alt=\"matute_001\" width=\"573\" height=\"400\" \/><\/p>\n<p>10-\u00a0\u00a0\u00a0\u00a0\u00a0\u00a0\u00a0\u00a0 Que le agregar\u00edas o le sacar\u00edas a nuestro MX actual?<\/p>\n<p>\u00faltimamente no estoy tanto en las carreras para opinar , pero sin duda trabajar\u00eda mucho para incentivar y generar condiciones propicias para que los pilotos puedan hacer sus temporadas en el exterior con los mejores pilotos del mundo!<\/p>\n<p>&nbsp;<\/p>\n<p>11-\u00a0\u00a0\u00a0\u00a0\u00a0\u00a0\u00a0\u00a0 Que cosas te gustar\u00eda cambiar en nuestro deporte?<\/p>\n<p>como te conteste en la pregunta anterior, facilitar crecer a los pilotos y en particular a los m\u00e1s chicos que son el futuro!<\/p>\n<p><em><strong>Su paso por USA con el apoyo oficial de Honda Motor Co., Inc.<\/strong><\/em><\/p>\n<p><img loading=\"lazy\" decoding=\"async\" class=\"aligncenter wp-image-24135 size-full\" src=\"http:\/\/www.crossprensa.com.ar\/news\/wp-content\/uploads\/2016\/10\/d172ef56-708f-4fab-8a88-db84bdebf054-1.jpg\" alt=\"d172ef56-708f-4fab-8a88-db84bdebf054-1\" width=\"960\" height=\"1280\" \/> <a href=\"http:\/\/www.crossprensa.com.ar\/news\/wp-content\/uploads\/2016\/10\/d172ef56-708f-4fab-8a88-db84bdebf054.jpg\"><img loading=\"lazy\" decoding=\"async\" class=\"aligncenter wp-image-24136 size-full\" src=\"http:\/\/www.crossprensa.com.ar\/news\/wp-content\/uploads\/2016\/10\/d172ef56-708f-4fab-8a88-db84bdebf054.jpg\" alt=\"d172ef56-708f-4fab-8a88-db84bdebf054\" width=\"960\" height=\"1280\" \/><\/a><\/p>\n<p>12-\u00a0\u00a0\u00a0\u00a0\u00a0\u00a0\u00a0\u00a0 Segu\u00eds andando en moto?<\/p>\n<p>Si sigo andando todo lo que puedo!<\/p>\n<p>&nbsp;<\/p>\n<p>13-\u00a0\u00a0\u00a0\u00a0\u00a0\u00a0\u00a0\u00a0 Si pudieses volver a nacer, elegir\u00edas el MX de nuevo<\/p>\n<p>Sin duda! Lo volver\u00eda a elegir Me form\u00f3, me divertido y me revolc\u00f3 en varias oportunidades especialmente de grande! Jaja<\/p>\n<p>&nbsp;<\/p>\n<p>14-\u00a0\u00a0\u00a0\u00a0\u00a0\u00a0\u00a0\u00a0 Que proyectos ten\u00e9s a futuro con el deporte?<\/p>\n<p>docencia !<\/p>\n<p>Latinoamericano de Motocross en Franck, 1979.<\/p>\n<p><img loading=\"lazy\" decoding=\"async\" class=\"aligncenter size-large wp-image-24137\" src=\"http:\/\/www.crossprensa.com.ar\/news\/wp-content\/uploads\/2016\/10\/d5de82c1-3197-4d5a-96a2-9a595e86b7f9-533x400.jpg\" alt=\"d5de82c1-3197-4d5a-96a2-9a595e86b7f9\" width=\"533\" height=\"400\" srcset=\"https:\/\/www.crossprensa.com.ar\/news\/wp-content\/uploads\/2016\/10\/d5de82c1-3197-4d5a-96a2-9a595e86b7f9-533x400.jpg 533w, https:\/\/www.crossprensa.com.ar\/news\/wp-content\/uploads\/2016\/10\/d5de82c1-3197-4d5a-96a2-9a595e86b7f9-300x225.jpg 300w, https:\/\/www.crossprensa.com.ar\/news\/wp-content\/uploads\/2016\/10\/d5de82c1-3197-4d5a-96a2-9a595e86b7f9-768x576.jpg 768w, https:\/\/www.crossprensa.com.ar\/news\/wp-content\/uploads\/2016\/10\/d5de82c1-3197-4d5a-96a2-9a595e86b7f9-750x563.jpg 750w, https:\/\/www.crossprensa.com.ar\/news\/wp-content\/uploads\/2016\/10\/d5de82c1-3197-4d5a-96a2-9a595e86b7f9-1140x855.jpg 1140w, https:\/\/www.crossprensa.com.ar\/news\/wp-content\/uploads\/2016\/10\/d5de82c1-3197-4d5a-96a2-9a595e86b7f9.jpg 1280w\" sizes=\"(max-width: 533px) 100vw, 533px\" \/><\/p>\n<p>15-\u00a0\u00a0\u00a0\u00a0\u00a0\u00a0\u00a0\u00a0 Dejanos tu opini\u00f3n objetiva de Crossprensa, por favor.<\/p>\n<p>Mi opini\u00f3n de cross prensa!<\/p>\n<p>Excelente !<\/p>\n<p>No puedo m\u00e1s que felicitarlos !<\/p>\n<p><img loading=\"lazy\" decoding=\"async\" class=\"aligncenter wp-image-24138 size-full\" src=\"http:\/\/www.crossprensa.com.ar\/news\/wp-content\/uploads\/2016\/10\/c014356d-8534-4fbf-8bf4-9455ee851993.jpg\" alt=\"c014356d-8534-4fbf-8bf4-9455ee851993\" width=\"848\" height=\"1280\" srcset=\"https:\/\/www.crossprensa.com.ar\/news\/wp-content\/uploads\/2016\/10\/c014356d-8534-4fbf-8bf4-9455ee851993.jpg 848w, https:\/\/www.crossprensa.com.ar\/news\/wp-content\/uploads\/2016\/10\/c014356d-8534-4fbf-8bf4-9455ee851993-199x300.jpg 199w, https:\/\/www.crossprensa.com.ar\/news\/wp-content\/uploads\/2016\/10\/c014356d-8534-4fbf-8bf4-9455ee851993-265x400.jpg 265w, https:\/\/www.crossprensa.com.ar\/news\/wp-content\/uploads\/2016\/10\/c014356d-8534-4fbf-8bf4-9455ee851993-768x1159.jpg 768w, https:\/\/www.crossprensa.com.ar\/news\/wp-content\/uploads\/2016\/10\/c014356d-8534-4fbf-8bf4-9455ee851993-750x1132.jpg 750w\" sizes=\"(max-width: 848px) 100vw, 848px\" \/><\/p>\n","protected":false},"excerpt":{"rendered":"<p>Campe\u00f3n Argentino de Motocross en 1978 y sub Campe\u00f3n de 1979. Hablar de Diego es&#8230;<\/p>\n","protected":false},"author":2,"featured_media":0,"comment_status":"open","ping_status":"open","sticky":false,"template":"","format":"standard","meta":{"om_disable_all_campaigns":false,"_monsterinsights_skip_tracking":false,"_monsterinsights_sitenote_active":false,"_monsterinsights_sitenote_note":"","_monsterinsights_sitenote_category":0,"_uf_show_specific_survey":0,"_uf_disable_surveys":false,"footnotes":""},"categories":[13,7,27],"tags":[5],"class_list":["post-24127","post","type-post","status-publish","format-standard","hentry","category-historia","category-mx","category-mx-argentino","tag-slice"],"aioseo_notices":[],"_links":{"self":[{"href":"https:\/\/www.crossprensa.com.ar\/news\/wp-json\/wp\/v2\/posts\/24127","targetHints":{"allow":["GET"]}}],"collection":[{"href":"https:\/\/www.crossprensa.com.ar\/news\/wp-json\/wp\/v2\/posts"}],"about":[{"href":"https:\/\/www.crossprensa.com.ar\/news\/wp-json\/wp\/v2\/types\/post"}],"author":[{"embeddable":true,"href":"https:\/\/www.crossprensa.com.ar\/news\/wp-json\/wp\/v2\/users\/2"}],"replies":[{"embeddable":true,"href":"https:\/\/www.crossprensa.com.ar\/news\/wp-json\/wp\/v2\/comments?post=24127"}],"version-history":[{"count":3,"href":"https:\/\/www.crossprensa.com.ar\/news\/wp-json\/wp\/v2\/posts\/24127\/revisions"}],"predecessor-version":[{"id":24141,"href":"https:\/\/www.crossprensa.com.ar\/news\/wp-json\/wp\/v2\/posts\/24127\/revisions\/24141"}],"wp:attachment":[{"href":"https:\/\/www.crossprensa.com.ar\/news\/wp-json\/wp\/v2\/media?parent=24127"}],"wp:term":[{"taxonomy":"category","embeddable":true,"href":"https:\/\/www.crossprensa.com.ar\/news\/wp-json\/wp\/v2\/categories?post=24127"},{"taxonomy":"post_tag","embeddable":true,"href":"https:\/\/www.crossprensa.com.ar\/news\/wp-json\/wp\/v2\/tags?post=24127"}],"curies":[{"name":"wp","href":"https:\/\/api.w.org\/{rel}","templated":true}]}}