{"id":24053,"date":"2016-10-13T23:52:32","date_gmt":"2016-10-14T02:52:32","guid":{"rendered":"http:\/\/www.crossprensa.com.ar\/news\/?p=24053"},"modified":"2016-10-13T23:52:32","modified_gmt":"2016-10-14T02:52:32","slug":"es-oficial-barcia-con-suzuki","status":"publish","type":"post","link":"https:\/\/www.crossprensa.com.ar\/news\/es-oficial-barcia-con-suzuki\/ama-motocross\/","title":{"rendered":"Es oficial: Barcia con Suzuki."},"content":{"rendered":"<p>Cuando lo adelantamos hace mas de una semana, hubo un cierto descreimiento de lo que les contamos y varios se quedaron con dudas&#8230; Pero es otra vez una muestra de que si decimos algo es porque estamos seguros y ya confirmamos con las fuentes oficiales. aqu\u00ed la nota donde se oficializa que el JGR pasa a ser equipo SUZUKI.<\/p>\n<p><!--more--><\/p>\n<p>Bueno, es finalmente es oficial: JGRMX se pas\u00f3\u00a0de Yamaha a Suzuki. Sin embargo, hay una noticia m\u00e1s interesante en el anuncio oficial hecho por Suzuki hoy.<\/p>\n<p>1.) Weston Peick ha vuelto a firmar oficialmente con el equipo. Peick hab\u00eda manejado previamente un Suzuki bajo un esfuerzo privado.<\/p>\n<p>2.) JGR albergar\u00e1 dos pilotos en 250 para los campeonatos del Este y Oeste para el SX-en 2017. Se anunciar\u00e1n los pilotos en una fecha a confirmar.\u00a0El resto de la lista se mantiene sin cambios. Justin Barcia volver\u00e1 y Phil Nicoletti continuar\u00e1 su papel con el equipo como piloto suplente\u00a0para supercross y oficial tiempo completo\u00a0para el Lucas Oil Pro Motocross.<\/p>\n<p>&#8220;Suzuki y Joe Gibbs Racing ser\u00e1n una poderosa asociaci\u00f3n&#8221;, dijo Kerry Graeber, vicepresidente, MC \/ ATV ventas y marketing de SMAI. &#8220;JGRMX es un equipo de carreras de clase mundial compitiendo en Supercross y Motocross, y con el apoyo de Suzuki, creemos que el equipo va a ser una potencia ganadora en las pistas la pr\u00f3xima temporada.&#8221;<br \/>\n&#8220;Contar con el apoyo de Suzuki, y con un arma como la\u00a0RM-Z450 realmente nos prepara para un a\u00f1o emocionante de carreras&#8221;, dijo el due\u00f1o del equipo Coy Gibbs, &#8220;Tenemos una gran confianza en nuestros pilotos, y estamos encantados de que podamos proporcionarles las RM-Z450s oficiales. Hemos discutido alinear a un equipo de 250 por varios a\u00f1os, todos est\u00e1n entusiasmados con esta alianza estrat\u00e9gica que incluye tanto la RM-Z450s y RM-Z250s con Suzuki y estamos en busca de grandes cosas &#8220;. Tendremos m\u00e1s en los pr\u00f3ximos d\u00edas sobre el\u00a0equipo y Jason Weigand suena fuerte como otro piloto para el team.<\/p>\n","protected":false},"excerpt":{"rendered":"<p>Cuando lo adelantamos hace mas de una semana, hubo un cierto descreimiento de lo que&#8230;<\/p>\n","protected":false},"author":2,"featured_media":0,"comment_status":"open","ping_status":"open","sticky":false,"template":"","format":"standard","meta":{"om_disable_all_campaigns":false,"_monsterinsights_skip_tracking":false,"_monsterinsights_sitenote_active":false,"_monsterinsights_sitenote_note":"","_monsterinsights_sitenote_category":0,"_uf_show_specific_survey":0,"_uf_disable_surveys":false,"footnotes":""},"categories":[25,30],"tags":[5],"class_list":["post-24053","post","type-post","status-publish","format-standard","hentry","category-ama-motocross","category-ama-supercross","tag-slice"],"aioseo_notices":[],"_links":{"self":[{"href":"https:\/\/www.crossprensa.com.ar\/news\/wp-json\/wp\/v2\/posts\/24053","targetHints":{"allow":["GET"]}}],"collection":[{"href":"https:\/\/www.crossprensa.com.ar\/news\/wp-json\/wp\/v2\/posts"}],"about":[{"href":"https:\/\/www.crossprensa.com.ar\/news\/wp-json\/wp\/v2\/types\/post"}],"author":[{"embeddable":true,"href":"https:\/\/www.crossprensa.com.ar\/news\/wp-json\/wp\/v2\/users\/2"}],"replies":[{"embeddable":true,"href":"https:\/\/www.crossprensa.com.ar\/news\/wp-json\/wp\/v2\/comments?post=24053"}],"version-history":[{"count":1,"href":"https:\/\/www.crossprensa.com.ar\/news\/wp-json\/wp\/v2\/posts\/24053\/revisions"}],"predecessor-version":[{"id":24055,"href":"https:\/\/www.crossprensa.com.ar\/news\/wp-json\/wp\/v2\/posts\/24053\/revisions\/24055"}],"wp:attachment":[{"href":"https:\/\/www.crossprensa.com.ar\/news\/wp-json\/wp\/v2\/media?parent=24053"}],"wp:term":[{"taxonomy":"category","embeddable":true,"href":"https:\/\/www.crossprensa.com.ar\/news\/wp-json\/wp\/v2\/categories?post=24053"},{"taxonomy":"post_tag","embeddable":true,"href":"https:\/\/www.crossprensa.com.ar\/news\/wp-json\/wp\/v2\/tags?post=24053"}],"curies":[{"name":"wp","href":"https:\/\/api.w.org\/{rel}","templated":true}]}}