{"id":21979,"date":"2016-07-28T16:15:16","date_gmt":"2016-07-28T19:15:16","guid":{"rendered":"http:\/\/www.crossprensa.com.ar\/news\/?p=21979"},"modified":"2016-07-28T16:15:16","modified_gmt":"2016-07-28T19:15:16","slug":"mxgp-husqvarna-se-queda-nagl-llega-paulin","status":"publish","type":"post","link":"https:\/\/www.crossprensa.com.ar\/news\/mxgp-husqvarna-se-queda-nagl-llega-paulin\/mx\/","title":{"rendered":"MXGP: Husqvarna: Se queda Nagl, llega Paulin."},"content":{"rendered":"<h2>Max Nagl ha ampliado el contrato con el equipo oficial Husqvarna!<\/h2>\n<p><em><strong>El\u00a0ganador en Loket, Max Nagl tiene una segunda raz\u00f3n para celebrar, El alem\u00e1n ha ampliado su contrato con la f\u00e1brica Husqvarna en el equipo IceOne por otro a\u00f1o.<\/strong><\/em><\/p>\n<p><!--more--><br \/>\nEn la conferencia de prensa el domingo se le pregunt\u00f3 Max sobre su situaci\u00f3n actual con su contrato. El ganador del GP de Loket y su manager en el IceOneTeam,\u00a0Antti Pyrh\u00f6nen tuvieron un intercambio de miradas y responde a la pregunta con un simple &#8220;S\u00ed!&#8221;.<\/p>\n<p><span class=\"goog-text-highlight\">Obviamente la noticia de su extensi\u00f3n de contrato no es oficial, pero la situaci\u00f3n es clara dentro del equipo, para a\u00f1adir el paso\u00a0a MXGP de <\/span><strong><span class=\"goog-text-highlight\">Max Anstie<\/span><\/strong><span class=\"goog-text-highlight\"> y la entrada del franc\u00e9s\u00a0<\/span><strong><span class=\"goog-text-highlight\">Gautier Paulin<\/span><\/strong><span class=\"goog-text-highlight\"> , pero vamos a actualizar todos con las declaraciones oficiales.<\/span><\/p>\n<p>Estas son las palabras de Max Nagl en conferencia:<br \/>\n&#8220;No puedo hablar mucho al respecto, se acord\u00f3 de todo ayer. Siempre es agradable cuando se\u00a0firma un contrato. Especialmente si hay gente que hace todo porque uno se sienta bien en esta estructura. &#8221;<\/p>\n<p>&nbsp;<\/p>\n<p>Faltan seis meses para que caduque el contrato firmado anteriormente pero ya es p\u00fablico que tiene su contrato extendido hasta el a\u00f1o pr\u00f3ximo, y adem\u00e1s (esto es apreciaci\u00f3n de Crossprensa) no van a dejar ir a un piloto ganador siendo el \u00fanico que hasta ahora pudo ganarle mano a mano a Gajser.<\/p>\n","protected":false},"excerpt":{"rendered":"<p>Max Nagl ha ampliado el contrato con el equipo oficial Husqvarna! El\u00a0ganador en Loket, Max&#8230;<\/p>\n","protected":false},"author":2,"featured_media":0,"comment_status":"open","ping_status":"open","sticky":false,"template":"","format":"standard","meta":{"om_disable_all_campaigns":false,"_monsterinsights_skip_tracking":false,"_monsterinsights_sitenote_active":false,"_monsterinsights_sitenote_note":"","_monsterinsights_sitenote_category":0,"_uf_show_specific_survey":0,"_uf_disable_surveys":false,"footnotes":""},"categories":[7,24],"tags":[5],"class_list":["post-21979","post","type-post","status-publish","format-standard","hentry","category-mx","category-mxgp","tag-slice"],"aioseo_notices":[],"_links":{"self":[{"href":"https:\/\/www.crossprensa.com.ar\/news\/wp-json\/wp\/v2\/posts\/21979","targetHints":{"allow":["GET"]}}],"collection":[{"href":"https:\/\/www.crossprensa.com.ar\/news\/wp-json\/wp\/v2\/posts"}],"about":[{"href":"https:\/\/www.crossprensa.com.ar\/news\/wp-json\/wp\/v2\/types\/post"}],"author":[{"embeddable":true,"href":"https:\/\/www.crossprensa.com.ar\/news\/wp-json\/wp\/v2\/users\/2"}],"replies":[{"embeddable":true,"href":"https:\/\/www.crossprensa.com.ar\/news\/wp-json\/wp\/v2\/comments?post=21979"}],"version-history":[{"count":1,"href":"https:\/\/www.crossprensa.com.ar\/news\/wp-json\/wp\/v2\/posts\/21979\/revisions"}],"predecessor-version":[{"id":21982,"href":"https:\/\/www.crossprensa.com.ar\/news\/wp-json\/wp\/v2\/posts\/21979\/revisions\/21982"}],"wp:attachment":[{"href":"https:\/\/www.crossprensa.com.ar\/news\/wp-json\/wp\/v2\/media?parent=21979"}],"wp:term":[{"taxonomy":"category","embeddable":true,"href":"https:\/\/www.crossprensa.com.ar\/news\/wp-json\/wp\/v2\/categories?post=21979"},{"taxonomy":"post_tag","embeddable":true,"href":"https:\/\/www.crossprensa.com.ar\/news\/wp-json\/wp\/v2\/tags?post=21979"}],"curies":[{"name":"wp","href":"https:\/\/api.w.org\/{rel}","templated":true}]}}