{"id":21975,"date":"2016-07-27T14:17:00","date_gmt":"2016-07-27T17:17:00","guid":{"rendered":"http:\/\/www.crossprensa.com.ar\/news\/?p=21975"},"modified":"2016-07-27T14:17:00","modified_gmt":"2016-07-27T17:17:00","slug":"mx-argentino-toya-operado","status":"publish","type":"post","link":"https:\/\/www.crossprensa.com.ar\/news\/mx-argentino-toya-operado\/mx\/","title":{"rendered":"MX ARGENTINO: Toya operado."},"content":{"rendered":"<p style=\"text-align: justify;\">El piloto de Carnerillo en la Pcia. de C\u00f3rdoba fue intervenido quir\u00fargicamente en la ma\u00f1ana de este Mi\u00e9rcoles, en su ap\u00e9ndice nasal y en la garganta.<\/p>\n<p style=\"text-align: justify;\">Mas detalles en la nota.<\/p>\n<p style=\"text-align: justify;\"><!--more--><\/p>\n<p style=\"text-align: justify;\">Nacho Toya ven\u00eda con problemas respiratorios que le complicaban su performance de manejo por lo que se someti\u00f3 a una cirug\u00eda para corregir su tabique nasal y adem\u00e1s extraer las am\u00edgdalas para liberar totalmente las v\u00edas respiratorias y poder terminar las carreras sin cansarse tanto.<\/p>\n<p style=\"text-align: justify;\">Por lo tanto, desmentimos rotundamente los dichos de Nicol\u00e1s Mana y Bernardo Blanco, donde afirmaban que se hizo la nariz mas angosta y respingada, y que se haya colocado pr\u00f3tesis en los pechos. El gesto en la foto de abajo es solo una casualidad.<\/p>\n<p style=\"text-align: justify;\">Ampliaremos.<\/p>\n<p><img fetchpriority=\"high\" decoding=\"async\" class=\"aligncenter wp-image-21977 size-full\" src=\"http:\/\/www.crossprensa.com.ar\/news\/wp-content\/uploads\/2016\/07\/nSHwv2b64064.jpg\" alt=\"nSHwv2b64064\" width=\"719\" height=\"1280\" \/><\/p>\n","protected":false},"excerpt":{"rendered":"<p>El piloto de Carnerillo en la Pcia. de C\u00f3rdoba fue intervenido quir\u00fargicamente en la ma\u00f1ana&#8230;<\/p>\n","protected":false},"author":2,"featured_media":0,"comment_status":"open","ping_status":"open","sticky":false,"template":"","format":"standard","meta":{"om_disable_all_campaigns":false,"_monsterinsights_skip_tracking":false,"_monsterinsights_sitenote_active":false,"_monsterinsights_sitenote_note":"","_monsterinsights_sitenote_category":0,"_uf_show_specific_survey":0,"_uf_disable_surveys":false,"footnotes":""},"categories":[7,27],"tags":[6],"class_list":["post-21975","post","type-post","status-publish","format-standard","hentry","category-mx","category-mx-argentino","tag-text"],"aioseo_notices":[],"_links":{"self":[{"href":"https:\/\/www.crossprensa.com.ar\/news\/wp-json\/wp\/v2\/posts\/21975","targetHints":{"allow":["GET"]}}],"collection":[{"href":"https:\/\/www.crossprensa.com.ar\/news\/wp-json\/wp\/v2\/posts"}],"about":[{"href":"https:\/\/www.crossprensa.com.ar\/news\/wp-json\/wp\/v2\/types\/post"}],"author":[{"embeddable":true,"href":"https:\/\/www.crossprensa.com.ar\/news\/wp-json\/wp\/v2\/users\/2"}],"replies":[{"embeddable":true,"href":"https:\/\/www.crossprensa.com.ar\/news\/wp-json\/wp\/v2\/comments?post=21975"}],"version-history":[{"count":1,"href":"https:\/\/www.crossprensa.com.ar\/news\/wp-json\/wp\/v2\/posts\/21975\/revisions"}],"predecessor-version":[{"id":21978,"href":"https:\/\/www.crossprensa.com.ar\/news\/wp-json\/wp\/v2\/posts\/21975\/revisions\/21978"}],"wp:attachment":[{"href":"https:\/\/www.crossprensa.com.ar\/news\/wp-json\/wp\/v2\/media?parent=21975"}],"wp:term":[{"taxonomy":"category","embeddable":true,"href":"https:\/\/www.crossprensa.com.ar\/news\/wp-json\/wp\/v2\/categories?post=21975"},{"taxonomy":"post_tag","embeddable":true,"href":"https:\/\/www.crossprensa.com.ar\/news\/wp-json\/wp\/v2\/tags?post=21975"}],"curies":[{"name":"wp","href":"https:\/\/api.w.org\/{rel}","templated":true}]}}