{"id":21705,"date":"2016-07-22T19:39:22","date_gmt":"2016-07-22T22:39:22","guid":{"rendered":"http:\/\/www.crossprensa.com.ar\/news\/?p=21705"},"modified":"2016-07-22T19:39:22","modified_gmt":"2016-07-22T22:39:22","slug":"hill-y-nelson-vuelven-este-fin-de-semana","status":"publish","type":"post","link":"https:\/\/www.crossprensa.com.ar\/news\/hill-y-nelson-vuelven-este-fin-de-semana\/ama-motocross\/","title":{"rendered":"Hill y Nelson vuelven este fin de semana"},"content":{"rendered":"<div id=\"id_579283680d4f79869379560\" class=\"text_exposed_root text_exposed\" style=\"text-align: justify;\">La situaci\u00f3n de la categor\u00eda 250 en el Pro Motocross es todo lo contrario a la que se encuentran los de la categor\u00eda m\u00e1xima que, en lugar de perder pilotos a medida que avanza el campeonato, siguen sumando gracias a las altas m\u00e9dicas de los doctores que le pe<span class=\"text_exposed_show\">rmiten volver a reincorporarse en el campeonato. <\/span><\/div>\n<div class=\"text_exposed_root text_exposed\" style=\"text-align: justify;\"><\/div>\n<p style=\"text-align: justify;\"><!--more--><\/p>\n<div class=\"text_exposed_root text_exposed\" style=\"text-align: justify;\"><span class=\"text_exposed_show\">Esta vez la suerte ha llamado a los pilotos del equipo KTM Troy Lee Designs, Justin Hill y Jessy Nelson para alinearse luego de un buen tiempo fuera de competencia debido a un par de lesiones sufridas a principios de temporada.<\/p>\n<p>Justin Hill hab\u00eda se golpeado muy fuerte su espalda en una ca\u00edda entrenando ya hace varias semanas y su fecha de regreso ya estaba programada para este 23 de Julio en Washougal. La que se considera como la fecha local para el piloto de la ciudad de Yoncalla, Oregon a tres horas de viaje de Washougal y, considerando las ampl\u00edas distancias entre lugares, tres horas de una ciudad a otra es como cruzar la calle!<\/p>\n<p>Mientras que Jessy Nelson ya se encuentra totalmente recuperado de la ca\u00edda sufrida en Thunder Valley que tuvo como causante la separaci\u00f3n de ligamentos de grado dos y un f\u00e9mur fuertemente golpeado. Se esperaba que su regreso fuese para la fecha diez en Unadilla pero, para suerte de \u00e9l y del equipo, ha recibido la luz verde de los m\u00e9dicos para estar presente este fin de semana en Washougal.<br \/>\nBy:Rider67 Pasi\u00f3n por el MX\/Crossprensa<\/span><\/div>\n<p>&nbsp;<\/p>\n","protected":false},"excerpt":{"rendered":"<p>La situaci\u00f3n de la categor\u00eda 250 en el Pro Motocross es todo lo contrario a&#8230;<\/p>\n","protected":false},"author":2,"featured_media":0,"comment_status":"open","ping_status":"open","sticky":false,"template":"","format":"standard","meta":{"om_disable_all_campaigns":false,"_monsterinsights_skip_tracking":false,"_monsterinsights_sitenote_active":false,"_monsterinsights_sitenote_note":"","_monsterinsights_sitenote_category":0,"_uf_show_specific_survey":0,"_uf_disable_surveys":false,"footnotes":""},"categories":[25],"tags":[6],"class_list":["post-21705","post","type-post","status-publish","format-standard","hentry","category-ama-motocross","tag-text"],"aioseo_notices":[],"_links":{"self":[{"href":"https:\/\/www.crossprensa.com.ar\/news\/wp-json\/wp\/v2\/posts\/21705","targetHints":{"allow":["GET"]}}],"collection":[{"href":"https:\/\/www.crossprensa.com.ar\/news\/wp-json\/wp\/v2\/posts"}],"about":[{"href":"https:\/\/www.crossprensa.com.ar\/news\/wp-json\/wp\/v2\/types\/post"}],"author":[{"embeddable":true,"href":"https:\/\/www.crossprensa.com.ar\/news\/wp-json\/wp\/v2\/users\/2"}],"replies":[{"embeddable":true,"href":"https:\/\/www.crossprensa.com.ar\/news\/wp-json\/wp\/v2\/comments?post=21705"}],"version-history":[{"count":1,"href":"https:\/\/www.crossprensa.com.ar\/news\/wp-json\/wp\/v2\/posts\/21705\/revisions"}],"predecessor-version":[{"id":21707,"href":"https:\/\/www.crossprensa.com.ar\/news\/wp-json\/wp\/v2\/posts\/21705\/revisions\/21707"}],"wp:attachment":[{"href":"https:\/\/www.crossprensa.com.ar\/news\/wp-json\/wp\/v2\/media?parent=21705"}],"wp:term":[{"taxonomy":"category","embeddable":true,"href":"https:\/\/www.crossprensa.com.ar\/news\/wp-json\/wp\/v2\/categories?post=21705"},{"taxonomy":"post_tag","embeddable":true,"href":"https:\/\/www.crossprensa.com.ar\/news\/wp-json\/wp\/v2\/tags?post=21705"}],"curies":[{"name":"wp","href":"https:\/\/api.w.org\/{rel}","templated":true}]}}