{"id":2169,"date":"2014-08-29T16:33:40","date_gmt":"2014-08-29T19:33:40","guid":{"rendered":"http:\/\/www.crossprensa.com.ar\/news\/?p=2169"},"modified":"2014-08-29T16:33:40","modified_gmt":"2014-08-29T19:33:40","slug":"brian-festa-su-evolucion","status":"publish","type":"post","link":"https:\/\/www.crossprensa.com.ar\/news\/brian-festa-su-evolucion\/mx\/","title":{"rendered":"Brian Festa, su evoluci\u00f3n."},"content":{"rendered":"<p style=\"text-align: justify;\">Etuvimos en contacto con Brian Festa, y nos cont\u00f3 de su evoluci\u00f3n con los fisioterapeutas que est\u00e1n tratando su lesi\u00f3n medular luego del accidente sufrido.<\/p>\n<p style=\"text-align: justify;\"><!--more--><\/p>\n<p style=\"text-align: justify;\">Brian nos dec\u00eda que son d\u00edas largos y duros, de mucho trabajo concentrado en mantener la tonicidad muscular, y continuar con la recuperaci\u00f3n y adaptaci\u00f3n a esto que hoy le toca vivir pero que encara con mucha fuerza y entusiasmo para seguir adelante.<\/p>\n<p style=\"text-align: justify;\">El piloto de sunchales contin\u00faa internado en Tanti, pcia. de C\u00f3rdoba, en un centro especializado para este tema, y tiene jornadas largas desde la ma\u00f1ana temprano hasta bien entrada la tarde, y tal es as\u00ed que a la noche, a eso de las 22 ya se va a dormir.<\/p>\n<p style=\"text-align: justify;\">Seguiremos informado como siempre de su progreso.<\/p>\n","protected":false},"excerpt":{"rendered":"<p>Etuvimos en contacto con Brian Festa, y nos cont\u00f3 de su evoluci\u00f3n con los fisioterapeutas&#8230;<\/p>\n","protected":false},"author":2,"featured_media":0,"comment_status":"open","ping_status":"open","sticky":false,"template":"","format":"standard","meta":{"om_disable_all_campaigns":false,"_monsterinsights_skip_tracking":false,"_monsterinsights_sitenote_active":false,"_monsterinsights_sitenote_note":"","_monsterinsights_sitenote_category":0,"_uf_show_specific_survey":0,"_uf_disable_surveys":false,"footnotes":""},"categories":[7],"tags":[6],"class_list":["post-2169","post","type-post","status-publish","format-standard","hentry","category-mx","tag-text"],"aioseo_notices":[],"_links":{"self":[{"href":"https:\/\/www.crossprensa.com.ar\/news\/wp-json\/wp\/v2\/posts\/2169","targetHints":{"allow":["GET"]}}],"collection":[{"href":"https:\/\/www.crossprensa.com.ar\/news\/wp-json\/wp\/v2\/posts"}],"about":[{"href":"https:\/\/www.crossprensa.com.ar\/news\/wp-json\/wp\/v2\/types\/post"}],"author":[{"embeddable":true,"href":"https:\/\/www.crossprensa.com.ar\/news\/wp-json\/wp\/v2\/users\/2"}],"replies":[{"embeddable":true,"href":"https:\/\/www.crossprensa.com.ar\/news\/wp-json\/wp\/v2\/comments?post=2169"}],"version-history":[{"count":1,"href":"https:\/\/www.crossprensa.com.ar\/news\/wp-json\/wp\/v2\/posts\/2169\/revisions"}],"predecessor-version":[{"id":2170,"href":"https:\/\/www.crossprensa.com.ar\/news\/wp-json\/wp\/v2\/posts\/2169\/revisions\/2170"}],"wp:attachment":[{"href":"https:\/\/www.crossprensa.com.ar\/news\/wp-json\/wp\/v2\/media?parent=2169"}],"wp:term":[{"taxonomy":"category","embeddable":true,"href":"https:\/\/www.crossprensa.com.ar\/news\/wp-json\/wp\/v2\/categories?post=2169"},{"taxonomy":"post_tag","embeddable":true,"href":"https:\/\/www.crossprensa.com.ar\/news\/wp-json\/wp\/v2\/tags?post=2169"}],"curies":[{"name":"wp","href":"https:\/\/api.w.org\/{rel}","templated":true}]}}