{"id":21650,"date":"2016-07-18T13:02:33","date_gmt":"2016-07-18T16:02:33","guid":{"rendered":"http:\/\/www.crossprensa.com.ar\/news\/?p=21650"},"modified":"2016-07-18T13:02:33","modified_gmt":"2016-07-18T16:02:33","slug":"febvre-gana-en-iffendic","status":"publish","type":"post","link":"https:\/\/www.crossprensa.com.ar\/news\/febvre-gana-en-iffendic\/mx\/","title":{"rendered":"Febvr\u00e9 gana en Iffendic"},"content":{"rendered":"<p style=\"text-align: justify;\">Los campeonatos nacionales en Europa tienen el privilegio de tener a los mejores del Mundial en sus pistas, y el campe\u00f3n del Mundo no es la excepci\u00f3n. Romain Febvr\u00e9 se present\u00f3 en la final del Campeonato Franc\u00e9s, logrando la victoria. Aqu\u00ed tienen el video de una excelente carrera, previo al Mundial del pr\u00f3ximo fin de semana que tendremos EN VIVO por Crossprensa.<\/p>\n<p style=\"text-align: justify;\"><!--more--><\/p>\n<p style=\"text-align: justify;\"><span class=\"_5yl5\">Resultado MX1 Elite:\u00a0 Romain Febvre se queda con la victoria\u00a0en Iffendic adelante de Xavier Boog y Gregory Aranda. La clasificaci\u00f3n final del campeonato, es con G. Aranda, que gan\u00f3 el t\u00edtulo con 14 pts. de ventaja sobre X. Boog, ambos tambi\u00e9n pilotos mundialistas.<br \/>\n<\/span><\/p>\n<p style=\"text-align: justify;\"><span class=\"_5yl5\"><span class=\"goog-text-highlight\">Resultado MX2 Elite:<\/span><span class=\"goog-text-highlight\"> Florent Richer gan\u00f3 esta carrera por sobre Cedric Soubeyras pero esto no es suficiente para llevarse el t\u00edtulo para Mathys Boisram\u00e9 que termin\u00f3 s\u00f3lo en el quinto lugar este fin de semana, pero termin\u00f3 en el escal\u00f3n m\u00e1s alto del campeonato con 14pts por delante de F. Richer .<\/span><\/span><\/p>\n<p><iframe title=\"24MX Tour - Iffendic : R\u00e9sum\u00e9 Dimanche\" width=\"640\" height=\"360\" src=\"https:\/\/www.youtube.com\/embed\/wR3PHT9WdEc?feature=oembed\" frameborder=\"0\" allow=\"accelerometer; autoplay; clipboard-write; encrypted-media; gyroscope; picture-in-picture; web-share\" referrerpolicy=\"strict-origin-when-cross-origin\" allowfullscreen><\/iframe><\/p>\n","protected":false},"excerpt":{"rendered":"<p>Los campeonatos nacionales en Europa tienen el privilegio de tener a los mejores del Mundial&#8230;<\/p>\n","protected":false},"author":2,"featured_media":0,"comment_status":"open","ping_status":"open","sticky":false,"template":"","format":"standard","meta":{"om_disable_all_campaigns":false,"_monsterinsights_skip_tracking":false,"_monsterinsights_sitenote_active":false,"_monsterinsights_sitenote_note":"","_monsterinsights_sitenote_category":0,"_uf_show_specific_survey":0,"_uf_disable_surveys":false,"footnotes":""},"categories":[7,24],"tags":[5],"class_list":["post-21650","post","type-post","status-publish","format-standard","hentry","category-mx","category-mxgp","tag-slice"],"aioseo_notices":[],"_links":{"self":[{"href":"https:\/\/www.crossprensa.com.ar\/news\/wp-json\/wp\/v2\/posts\/21650","targetHints":{"allow":["GET"]}}],"collection":[{"href":"https:\/\/www.crossprensa.com.ar\/news\/wp-json\/wp\/v2\/posts"}],"about":[{"href":"https:\/\/www.crossprensa.com.ar\/news\/wp-json\/wp\/v2\/types\/post"}],"author":[{"embeddable":true,"href":"https:\/\/www.crossprensa.com.ar\/news\/wp-json\/wp\/v2\/users\/2"}],"replies":[{"embeddable":true,"href":"https:\/\/www.crossprensa.com.ar\/news\/wp-json\/wp\/v2\/comments?post=21650"}],"version-history":[{"count":1,"href":"https:\/\/www.crossprensa.com.ar\/news\/wp-json\/wp\/v2\/posts\/21650\/revisions"}],"predecessor-version":[{"id":21652,"href":"https:\/\/www.crossprensa.com.ar\/news\/wp-json\/wp\/v2\/posts\/21650\/revisions\/21652"}],"wp:attachment":[{"href":"https:\/\/www.crossprensa.com.ar\/news\/wp-json\/wp\/v2\/media?parent=21650"}],"wp:term":[{"taxonomy":"category","embeddable":true,"href":"https:\/\/www.crossprensa.com.ar\/news\/wp-json\/wp\/v2\/categories?post=21650"},{"taxonomy":"post_tag","embeddable":true,"href":"https:\/\/www.crossprensa.com.ar\/news\/wp-json\/wp\/v2\/tags?post=21650"}],"curies":[{"name":"wp","href":"https:\/\/api.w.org\/{rel}","templated":true}]}}