{"id":21640,"date":"2016-07-16T21:49:09","date_gmt":"2016-07-17T00:49:09","guid":{"rendered":"http:\/\/www.crossprensa.com.ar\/news\/?p=21640"},"modified":"2016-07-16T21:49:09","modified_gmt":"2016-07-17T00:49:09","slug":"herlings-sigue-corriendo","status":"publish","type":"post","link":"https:\/\/www.crossprensa.com.ar\/news\/herlings-sigue-corriendo\/mxgp\/","title":{"rendered":"HERLINGS, sigue corriendo?"},"content":{"rendered":"<div>\n<p style=\"text-align: justify;\"><span class=\"goog-text-highlight\">El holand\u00e9s se lesion\u00f3 en la \u00faltima fecha\u00a0del campeonato holand\u00e9s, mientras estaba en la primera manga, y promediando la carrera ven\u00eda con una diferencia a favor de unos 30 segundos. <\/span>En una larga curva que tiene contraperalte, cay\u00f3 sobre su hombro, el mismo que se lesion\u00f3 en Alemania el a\u00f1o pasado.<\/p>\n<\/div>\n<p><!--more--><\/p>\n<div style=\"text-align: justify;\"><em>&#8220;Yo tuve mala suerte&#8221; No fue un golpe a alta velocidad, dijo\u00a0<\/em><em>Jeffrey. &#8221;\u00a0 <b>La clav\u00edcula se rompe en el mismo momento (Y lugar) del a\u00f1o pasado<\/b> , probablemente debido a que hab\u00eda retomado la moto demasiado pronto y la placa que me hab\u00edan colocado estaba un poco curvada, siguiendo la forma con el hueso. El m\u00e9dico dijo que si me ca\u00eda sobre el otro hombro, es probable que no pasara nada. &#8220;<\/em> Jeffrey ahora est\u00e1 haciendo un entrenamiento muy liviano, tratando de evitar esfuerzo\u00a0excesivo (esto hab\u00eda causado una infecci\u00f3n en la pierna). En este momento no siente dolor, pero sigue siendoimprobable\u00a0<b>\u00a0la participaci\u00f3n en el GP de Loket<\/b> .<\/div>\n<div style=\"text-align: justify;\"><em>&#8220;Tengo que hacer un chequeo de la pr\u00f3xima semana y ver cu\u00e1l es la situaci\u00f3n, pero en Lommel ir\u00e9 si estoy al 100%. Incluso podr\u00eda llegar a Loket pero con una diferencia de casi 170 puntos y los malos recuerdos que tengo de esa pista &#8230; No s\u00e9. Si el m\u00e9dico me dice que estoy 100% seguro de que estar\u00e9 all\u00ed. &#8220;<\/em> En cuanto a las posibles consecuencias mentales, Jeffrey dijo que quiere volver con calma, sin abandonando todo el trabajo realizado y tranquilo porque ahora llega pistas como Assen y Lommel donde es seguro que le va bien.<\/div>\n<p style=\"text-align: justify;\">\n","protected":false},"excerpt":{"rendered":"<p>El holand\u00e9s se lesion\u00f3 en la \u00faltima fecha\u00a0del campeonato holand\u00e9s, mientras estaba en la primera&#8230;<\/p>\n","protected":false},"author":2,"featured_media":21641,"comment_status":"open","ping_status":"open","sticky":false,"template":"","format":"standard","meta":{"om_disable_all_campaigns":false,"_monsterinsights_skip_tracking":false,"_monsterinsights_sitenote_active":false,"_monsterinsights_sitenote_note":"","_monsterinsights_sitenote_category":0,"_uf_show_specific_survey":0,"_uf_disable_surveys":false,"footnotes":""},"categories":[24],"tags":[6],"class_list":["post-21640","post","type-post","status-publish","format-standard","has-post-thumbnail","hentry","category-mxgp","tag-text"],"aioseo_notices":[],"_links":{"self":[{"href":"https:\/\/www.crossprensa.com.ar\/news\/wp-json\/wp\/v2\/posts\/21640","targetHints":{"allow":["GET"]}}],"collection":[{"href":"https:\/\/www.crossprensa.com.ar\/news\/wp-json\/wp\/v2\/posts"}],"about":[{"href":"https:\/\/www.crossprensa.com.ar\/news\/wp-json\/wp\/v2\/types\/post"}],"author":[{"embeddable":true,"href":"https:\/\/www.crossprensa.com.ar\/news\/wp-json\/wp\/v2\/users\/2"}],"replies":[{"embeddable":true,"href":"https:\/\/www.crossprensa.com.ar\/news\/wp-json\/wp\/v2\/comments?post=21640"}],"version-history":[{"count":1,"href":"https:\/\/www.crossprensa.com.ar\/news\/wp-json\/wp\/v2\/posts\/21640\/revisions"}],"predecessor-version":[{"id":21642,"href":"https:\/\/www.crossprensa.com.ar\/news\/wp-json\/wp\/v2\/posts\/21640\/revisions\/21642"}],"wp:featuredmedia":[{"embeddable":true,"href":"https:\/\/www.crossprensa.com.ar\/news\/wp-json\/wp\/v2\/media\/21641"}],"wp:attachment":[{"href":"https:\/\/www.crossprensa.com.ar\/news\/wp-json\/wp\/v2\/media?parent=21640"}],"wp:term":[{"taxonomy":"category","embeddable":true,"href":"https:\/\/www.crossprensa.com.ar\/news\/wp-json\/wp\/v2\/categories?post=21640"},{"taxonomy":"post_tag","embeddable":true,"href":"https:\/\/www.crossprensa.com.ar\/news\/wp-json\/wp\/v2\/tags?post=21640"}],"curies":[{"name":"wp","href":"https:\/\/api.w.org\/{rel}","templated":true}]}}