{"id":21624,"date":"2016-07-15T16:41:10","date_gmt":"2016-07-15T19:41:10","guid":{"rendered":"http:\/\/www.crossprensa.com.ar\/news\/?p=21624"},"modified":"2016-07-15T16:41:10","modified_gmt":"2016-07-15T19:41:10","slug":"mcgrath-en-italia","status":"publish","type":"post","link":"https:\/\/www.crossprensa.com.ar\/news\/mcgrath-en-italia\/mx\/","title":{"rendered":"McGrath en Italia."},"content":{"rendered":"<p>El \u00edcono del MX y SX en USA, Jeremy McGrath, que adem\u00e1s integr\u00f3 el equipo del Motocross de las Naciones de USA, est\u00e1 de visita en Italia para ver Maggiora, que volver\u00e1 a ser la sede de la carrera mas esperada del a\u00f1o: El Motocross de las Naciones. Aqu\u00ed la visita de McGrath, y en breve recordaremos esa bestial carrera de 1986.<\/p>\n<p><!--more--><\/p>\n<p>Excelente video de RacerX<\/p>\n<p><iframe title=\"Racer X Films: Jeremy McGrath in Italy\" width=\"640\" height=\"360\" src=\"https:\/\/www.youtube.com\/embed\/LPUNbGmDBX4?feature=oembed\" frameborder=\"0\" allow=\"accelerometer; autoplay; clipboard-write; encrypted-media; gyroscope; picture-in-picture; web-share\" referrerpolicy=\"strict-origin-when-cross-origin\" allowfullscreen><\/iframe><\/p>\n","protected":false},"excerpt":{"rendered":"<p>El \u00edcono del MX y SX en USA, Jeremy McGrath, que adem\u00e1s integr\u00f3 el equipo&#8230;<\/p>\n","protected":false},"author":2,"featured_media":0,"comment_status":"open","ping_status":"open","sticky":false,"template":"","format":"standard","meta":{"om_disable_all_campaigns":false,"_monsterinsights_skip_tracking":false,"_monsterinsights_sitenote_active":false,"_monsterinsights_sitenote_note":"","_monsterinsights_sitenote_category":0,"_uf_show_specific_survey":0,"_uf_disable_surveys":false,"footnotes":""},"categories":[7,24],"tags":[5],"class_list":["post-21624","post","type-post","status-publish","format-standard","hentry","category-mx","category-mxgp","tag-slice"],"aioseo_notices":[],"_links":{"self":[{"href":"https:\/\/www.crossprensa.com.ar\/news\/wp-json\/wp\/v2\/posts\/21624","targetHints":{"allow":["GET"]}}],"collection":[{"href":"https:\/\/www.crossprensa.com.ar\/news\/wp-json\/wp\/v2\/posts"}],"about":[{"href":"https:\/\/www.crossprensa.com.ar\/news\/wp-json\/wp\/v2\/types\/post"}],"author":[{"embeddable":true,"href":"https:\/\/www.crossprensa.com.ar\/news\/wp-json\/wp\/v2\/users\/2"}],"replies":[{"embeddable":true,"href":"https:\/\/www.crossprensa.com.ar\/news\/wp-json\/wp\/v2\/comments?post=21624"}],"version-history":[{"count":1,"href":"https:\/\/www.crossprensa.com.ar\/news\/wp-json\/wp\/v2\/posts\/21624\/revisions"}],"predecessor-version":[{"id":21626,"href":"https:\/\/www.crossprensa.com.ar\/news\/wp-json\/wp\/v2\/posts\/21624\/revisions\/21626"}],"wp:attachment":[{"href":"https:\/\/www.crossprensa.com.ar\/news\/wp-json\/wp\/v2\/media?parent=21624"}],"wp:term":[{"taxonomy":"category","embeddable":true,"href":"https:\/\/www.crossprensa.com.ar\/news\/wp-json\/wp\/v2\/categories?post=21624"},{"taxonomy":"post_tag","embeddable":true,"href":"https:\/\/www.crossprensa.com.ar\/news\/wp-json\/wp\/v2\/tags?post=21624"}],"curies":[{"name":"wp","href":"https:\/\/api.w.org\/{rel}","templated":true}]}}