{"id":21370,"date":"2016-06-28T14:17:46","date_gmt":"2016-06-28T17:17:46","guid":{"rendered":"http:\/\/www.crossprensa.com.ar\/news\/?p=21370"},"modified":"2016-06-28T14:17:46","modified_gmt":"2016-06-28T17:17:46","slug":"marco-schmit-se-prepara","status":"publish","type":"post","link":"https:\/\/www.crossprensa.com.ar\/news\/marco-schmit-se-prepara\/mx\/","title":{"rendered":"Marco Schmit se prepara."},"content":{"rendered":"<p style=\"text-align: justify;\">El piloto oficial de Kawasaki, que tuvo un debut un tanto amargo en La Rioja con el abandono en la primera manga, est\u00e1 entrenando a full para lo que ser\u00e1 la 5ta. fecha del Campeonato Argentino de Motocross en Catamarca el pr\u00f3ximo fin de semana.<\/p>\n<p><!--more--><\/p>\n<p>Un problema el\u00e9ctrico lo dej\u00f3 de a pie en La Rioja y le quit\u00f3 cualquier posibilidad de pelea por la punta de la carrera para la que se hab\u00eda preparado y muy bien. Catamarca lo ver\u00e1 revitalizado y sin dudas con todas las pilas puestas en recuperar la punta del campeonato y recortar puntos perdidos.<\/p>\n<p>Crossprensa estar\u00e1 EN VIVO, todo el fin de semana junto a Radio Ancasti con la transmisi\u00f3n EN VIVO. Te la vas a perder?<\/p>\n<p><img fetchpriority=\"high\" decoding=\"async\" class=\"aligncenter wp-image-21372 size-full\" src=\"http:\/\/www.crossprensa.com.ar\/news\/wp-content\/uploads\/2016\/06\/nSHwv2b620-1.jpg\" alt=\"nSHwv2b620\" width=\"3923\" height=\"3923\" \/><\/p>\n","protected":false},"excerpt":{"rendered":"<p>El piloto oficial de Kawasaki, que tuvo un debut un tanto amargo en La Rioja&#8230;<\/p>\n","protected":false},"author":2,"featured_media":0,"comment_status":"open","ping_status":"open","sticky":false,"template":"","format":"standard","meta":{"om_disable_all_campaigns":false,"_monsterinsights_skip_tracking":false,"_monsterinsights_sitenote_active":false,"_monsterinsights_sitenote_note":"","_monsterinsights_sitenote_category":0,"_uf_show_specific_survey":0,"_uf_disable_surveys":false,"footnotes":""},"categories":[7,27],"tags":[6],"class_list":["post-21370","post","type-post","status-publish","format-standard","hentry","category-mx","category-mx-argentino","tag-text"],"aioseo_notices":[],"_links":{"self":[{"href":"https:\/\/www.crossprensa.com.ar\/news\/wp-json\/wp\/v2\/posts\/21370","targetHints":{"allow":["GET"]}}],"collection":[{"href":"https:\/\/www.crossprensa.com.ar\/news\/wp-json\/wp\/v2\/posts"}],"about":[{"href":"https:\/\/www.crossprensa.com.ar\/news\/wp-json\/wp\/v2\/types\/post"}],"author":[{"embeddable":true,"href":"https:\/\/www.crossprensa.com.ar\/news\/wp-json\/wp\/v2\/users\/2"}],"replies":[{"embeddable":true,"href":"https:\/\/www.crossprensa.com.ar\/news\/wp-json\/wp\/v2\/comments?post=21370"}],"version-history":[{"count":1,"href":"https:\/\/www.crossprensa.com.ar\/news\/wp-json\/wp\/v2\/posts\/21370\/revisions"}],"predecessor-version":[{"id":21373,"href":"https:\/\/www.crossprensa.com.ar\/news\/wp-json\/wp\/v2\/posts\/21370\/revisions\/21373"}],"wp:attachment":[{"href":"https:\/\/www.crossprensa.com.ar\/news\/wp-json\/wp\/v2\/media?parent=21370"}],"wp:term":[{"taxonomy":"category","embeddable":true,"href":"https:\/\/www.crossprensa.com.ar\/news\/wp-json\/wp\/v2\/categories?post=21370"},{"taxonomy":"post_tag","embeddable":true,"href":"https:\/\/www.crossprensa.com.ar\/news\/wp-json\/wp\/v2\/tags?post=21370"}],"curies":[{"name":"wp","href":"https:\/\/api.w.org\/{rel}","templated":true}]}}