{"id":21074,"date":"2016-06-13T18:02:24","date_gmt":"2016-06-13T21:02:24","guid":{"rendered":"http:\/\/www.crossprensa.com.ar\/news\/?p=21074"},"modified":"2016-06-13T18:02:24","modified_gmt":"2016-06-13T21:02:24","slug":"ruta-40-empieza-la-aventura","status":"publish","type":"post","link":"https:\/\/www.crossprensa.com.ar\/news\/ruta-40-empieza-la-aventura\/sin-categoria\/","title":{"rendered":"RUTA 40. Empieza la aventura."},"content":{"rendered":"<p style=\"text-align: justify;\">Con cobertura de Nina Pergolesi, Crossprensa estar\u00e1 siguiendo todo lo que ocurra en esta apasionante carrera que congregar\u00e1 algunos de los principales nombres europeos y argentinos en esta especialidad, con un &#8220;pre-Dakar&#8221; que sigue siendo apasionante a\u00f1o tras a\u00f1o.<\/p>\n<p style=\"text-align: justify;\">Aqu\u00ed, los nros. de los protagonistas de este a\u00f1o.<\/p>\n<p style=\"text-align: justify;\"><!--more--><\/p>\n<div style=\"text-align: justify;\">En pocos d\u00edas\u00a0se pondr\u00e1 en marcha la\u00a07ma. edici\u00f3n del Desaf\u00edo Ruta 40, Para\u00a0la segunda fecha del Campeonato Argentino de Rally Cross Country, que tambi\u00e9n pone\u00a0en juego las invitaciones del Dakar Challenge. Los equipos ya est\u00e1n\u00a0rumbo a San Rafael (Mendoza), donde por primera vez se dar\u00e1 inicio al DR40.<\/div>\n<p style=\"text-align: justify;\"><!--more--><\/p>\n<div style=\"text-align: justify;\">Un total de 83 pilotos recorrer\u00e1n los 3000 kil\u00f3metros de carrera, que se desarrollar\u00e1n desde San Rafael hasta La Rioja cruzando por San Juan. Distintos suelos y geograf\u00eda en este Desaf\u00edo Ruta 40 2016. Con los nombres que hay inscriptos no tengan la menor duda que ser\u00e1 una carrera apasionante de princpio a fin.<\/div>\n<div style=\"text-align: justify;\"><\/div>\n<div style=\"text-align: justify;\">Entre las Motos, el argentino Kevin Benavides ser\u00e1 quien tenga\u00a0el n\u00famero 1 en esta edici\u00f3n, por su lado el espa\u00f1ol Joan Barreda Bort utilizar\u00e1 el\u00a0n\u00famero 5, mientras que \u00a0el \u00faltimo ganador de la carrera, el portugu\u00e9s Paulo Goncalves tendr\u00e1 el 6 en su portan\u00famero. Otro de los firmes candidatos como lo es Javier Pizzolito, multicampe\u00f3n de\u00a0esta especialidad, utilizar\u00e1 el 8 sobre su Honda CRF 450 y Juan Carlos \u201cChavo\u201d Salvatierra utilizar\u00e1 la 4.<\/div>\n<div style=\"text-align: justify;\"><\/div>\n<div style=\"text-align: justify;\">Los Cuatris ser\u00e1n la categor\u00eda con mas pilotos sumando un total de\u00a030 participantes, y la batalla ser\u00e1 de principio a fin. Gast\u00f3n Gonzalez, ganador de la primera fecha del RallyCC, portar\u00e1 el primer n\u00famero de la categor\u00eda: 101. Jerem\u00edas Gonz\u00e1lez \u00a0Ferioli (piloto Cordoba Motos &#8211; W Standard) tendr\u00e1\u00a0el 108, mientras que Giuliano Gordana el\u00a0109. El campe\u00f3n indiscutido de los Quads 4&#215;4, Daniel Mazzucco utilizar\u00e1 el\u00a0110. Suany y Leonardo Mart\u00ednez arribar\u00e1n desde Bolivia para\u00a0usar los nros.\u00a0116 y 117 respectivamente.\u00a0\/<\/div>\n<div style=\"text-align: justify;\"><\/div>\n<div style=\"text-align: justify;\">Nina Pergolesi \/ Crossprensa<\/div>\n<div><\/div>\n","protected":false},"excerpt":{"rendered":"<p>Con cobertura de Nina Pergolesi, Crossprensa estar\u00e1 siguiendo todo lo que ocurra en esta apasionante&#8230;<\/p>\n","protected":false},"author":2,"featured_media":0,"comment_status":"open","ping_status":"open","sticky":false,"template":"","format":"standard","meta":{"om_disable_all_campaigns":false,"_monsterinsights_skip_tracking":false,"_monsterinsights_sitenote_active":false,"_monsterinsights_sitenote_note":"","_monsterinsights_sitenote_category":0,"_uf_show_specific_survey":0,"_uf_disable_surveys":false,"footnotes":""},"categories":[15,1],"tags":[6],"class_list":["post-21074","post","type-post","status-publish","format-standard","hentry","category-rally","category-sin-categoria","tag-text"],"aioseo_notices":[],"_links":{"self":[{"href":"https:\/\/www.crossprensa.com.ar\/news\/wp-json\/wp\/v2\/posts\/21074","targetHints":{"allow":["GET"]}}],"collection":[{"href":"https:\/\/www.crossprensa.com.ar\/news\/wp-json\/wp\/v2\/posts"}],"about":[{"href":"https:\/\/www.crossprensa.com.ar\/news\/wp-json\/wp\/v2\/types\/post"}],"author":[{"embeddable":true,"href":"https:\/\/www.crossprensa.com.ar\/news\/wp-json\/wp\/v2\/users\/2"}],"replies":[{"embeddable":true,"href":"https:\/\/www.crossprensa.com.ar\/news\/wp-json\/wp\/v2\/comments?post=21074"}],"version-history":[{"count":2,"href":"https:\/\/www.crossprensa.com.ar\/news\/wp-json\/wp\/v2\/posts\/21074\/revisions"}],"predecessor-version":[{"id":21077,"href":"https:\/\/www.crossprensa.com.ar\/news\/wp-json\/wp\/v2\/posts\/21074\/revisions\/21077"}],"wp:attachment":[{"href":"https:\/\/www.crossprensa.com.ar\/news\/wp-json\/wp\/v2\/media?parent=21074"}],"wp:term":[{"taxonomy":"category","embeddable":true,"href":"https:\/\/www.crossprensa.com.ar\/news\/wp-json\/wp\/v2\/categories?post=21074"},{"taxonomy":"post_tag","embeddable":true,"href":"https:\/\/www.crossprensa.com.ar\/news\/wp-json\/wp\/v2\/tags?post=21074"}],"curies":[{"name":"wp","href":"https:\/\/api.w.org\/{rel}","templated":true}]}}