{"id":21040,"date":"2016-06-10T22:55:52","date_gmt":"2016-06-11T01:55:52","guid":{"rendered":"http:\/\/www.crossprensa.com.ar\/news\/?p=21040"},"modified":"2016-06-10T23:21:44","modified_gmt":"2016-06-11T02:21:44","slug":"jose-felipe-que-le-pasa","status":"publish","type":"post","link":"https:\/\/www.crossprensa.com.ar\/news\/jose-felipe-que-le-pasa\/sin-categoria\/","title":{"rendered":"Jos\u00e9 Felipe. Que le pasa&#8230;?"},"content":{"rendered":"<p style=\"text-align: justify;\">Desde hace un tiempo, las versiones que corren sobre el estado de salud de Jos\u00e9 &#8220;El Tigre&#8221; Felipe, fueron muchas. Algunas ciertas, la mayor\u00eda no y fueron las que alarmaron a mucha gente que sabiendo de la amistad que nos une hace mas de 15 a\u00f1os, nosotros \u00edbamos a saber la verdad y nos preguntaron.<\/p>\n<p style=\"text-align: justify;\">Y la sab\u00edamos, pero como siempre primero est\u00e1 el respeto HUMANO y luego el PROFESIONAL, cuando nos piden silencio y se los decimos siempre. Si nos dicen NO HABLAR, somos una tumba. Y eso hicimos hasta hoy, ya que luego de una charla con Jos\u00e9, decidimos que era el tiempo de contarlo.<\/p>\n<p style=\"text-align: justify;\"><!--more--><\/p>\n<p style=\"text-align: justify;\">Y uso el plural de &#8220;decidimos&#8221; porque tambi\u00e9n reca\u00eda en Crossprensa la responsabilidad de publicar como corresponde.<\/p>\n<p style=\"text-align: justify;\">Hace un tiempo, en un chequeo general de rutina, descubren un problema circulatorio de Jos\u00e9 Felipe, por lo cual se le realizan estudios pertinentes. Luego de eso y tratado por los especialistas del caso se descubre una lesi\u00f3n arterial que si bien no era reciente, implicaba un riesgo de dejar como estaba esa lesi\u00f3n.<\/p>\n<p style=\"text-align: justify;\">Luego de realizar estudios mas puntuales, se le recomienda un tratamiento para evitar males mayores como podr\u00eda ser una ruptura de esa lesi\u00f3n lo que causar\u00eda una hemorragia y no era conveniente por lo tanto que continuara con la actividad arriba de la moto.<\/p>\n<p style=\"text-align: justify;\">Si bien este tratamiento no requiere cirug\u00eda, tampoco implica internaci\u00f3n y el estado de salud del piloto cordob\u00e9s es perfecto SALVO ese &#8220;peque\u00f1o detalle&#8221; que lo mantendr\u00e1 por un par de meses inactivo, o hasta tanto sus m\u00e9dicos determinen que todo est\u00e1 solucionado y puede continuar normalmente con su actividad.<\/p>\n<p style=\"text-align: justify;\">Fin de la historia. Todo lo dem\u00e1s que se dijo y circul\u00f3 es mentira. Esto que leyeron, es un extracto de la charla que tuve personalmente con Jos\u00e9 en la tarde\/noche de ayer cuando me dio el OK para publicarlo.<\/p>\n<p style=\"text-align: justify;\">Desde ya, y como siempre el agradecimiento enorme por la confianza hacia nosotros, y si Uds. quieren dejar un mensaje para El Tigre, se los haremos llegar.<\/p>\n<p>N\u00e9stor Guti\u00e9rrez<\/p>\n<p>Director de Crossprensa.<\/p>\n","protected":false},"excerpt":{"rendered":"<p>Desde hace un tiempo, las versiones que corren sobre el estado de salud de Jos\u00e9&#8230;<\/p>\n","protected":false},"author":2,"featured_media":0,"comment_status":"open","ping_status":"open","sticky":false,"template":"","format":"standard","meta":{"om_disable_all_campaigns":false,"_monsterinsights_skip_tracking":false,"_monsterinsights_sitenote_active":false,"_monsterinsights_sitenote_note":"","_monsterinsights_sitenote_category":0,"_uf_show_specific_survey":0,"_uf_disable_surveys":false,"footnotes":""},"categories":[7,27,1],"tags":[5],"class_list":["post-21040","post","type-post","status-publish","format-standard","hentry","category-mx","category-mx-argentino","category-sin-categoria","tag-slice"],"aioseo_notices":[],"_links":{"self":[{"href":"https:\/\/www.crossprensa.com.ar\/news\/wp-json\/wp\/v2\/posts\/21040","targetHints":{"allow":["GET"]}}],"collection":[{"href":"https:\/\/www.crossprensa.com.ar\/news\/wp-json\/wp\/v2\/posts"}],"about":[{"href":"https:\/\/www.crossprensa.com.ar\/news\/wp-json\/wp\/v2\/types\/post"}],"author":[{"embeddable":true,"href":"https:\/\/www.crossprensa.com.ar\/news\/wp-json\/wp\/v2\/users\/2"}],"replies":[{"embeddable":true,"href":"https:\/\/www.crossprensa.com.ar\/news\/wp-json\/wp\/v2\/comments?post=21040"}],"version-history":[{"count":3,"href":"https:\/\/www.crossprensa.com.ar\/news\/wp-json\/wp\/v2\/posts\/21040\/revisions"}],"predecessor-version":[{"id":21045,"href":"https:\/\/www.crossprensa.com.ar\/news\/wp-json\/wp\/v2\/posts\/21040\/revisions\/21045"}],"wp:attachment":[{"href":"https:\/\/www.crossprensa.com.ar\/news\/wp-json\/wp\/v2\/media?parent=21040"}],"wp:term":[{"taxonomy":"category","embeddable":true,"href":"https:\/\/www.crossprensa.com.ar\/news\/wp-json\/wp\/v2\/categories?post=21040"},{"taxonomy":"post_tag","embeddable":true,"href":"https:\/\/www.crossprensa.com.ar\/news\/wp-json\/wp\/v2\/tags?post=21040"}],"curies":[{"name":"wp","href":"https:\/\/api.w.org\/{rel}","templated":true}]}}