{"id":20995,"date":"2016-06-08T00:13:11","date_gmt":"2016-06-08T03:13:11","guid":{"rendered":"http:\/\/www.crossprensa.com.ar\/news\/?p=20995"},"modified":"2016-06-08T00:13:11","modified_gmt":"2016-06-08T03:13:11","slug":"ryan-dungey-con-una-vertebra-fracturada","status":"publish","type":"post","link":"https:\/\/www.crossprensa.com.ar\/news\/ryan-dungey-con-una-vertebra-fracturada\/ama-motocross\/","title":{"rendered":"RYAN DUNGEY CON UNA VERTEBRA FRACTURADA."},"content":{"rendered":"<p style=\"text-align: justify;\">Red Bull KTM ha anunciado hoy que Ryan Dungey sufri\u00f3 una rotura de v\u00e9rtebra despu\u00e9s de golpearse\u00a0en la segunda manga en lafecha 3 del Lucas Oil Pro Motocross en Thunder Valley, el s\u00e1bado y se perder\u00e1\u00a0varias carreras mas ya que se duda que pueda volver este a\u00f1o.&#8221; Dungey se recuper\u00f3 de 19no.\u00a0al cuarto lugar de la manga.\u00a0Termin\u00f3 segundo en la general detr\u00e1s de Ken Roczen.<\/p>\n<p style=\"text-align: justify;\"><!--more--><\/p>\n<p style=\"text-align: justify;\">Los m\u00e9dicos confirmaron esta semana que Dungey se abri\u00f3 la v\u00e9rtebra C6 \u00a0y requiere un m\u00ednimo de 6-8 semanas de tiempo de curaci\u00f3n mas la rehabilitaci\u00f3n posterior.<\/p>\n<p style=\"text-align: justify;\">&#8220;Es muy dif\u00edcil compartir una noticia tan decepcionante&#8221;, dijo Dungey. &#8220;Es desgarrador principalmente debido a todo el trabajo duro del equipo y he puesto todo en la preparaci\u00f3n para defender el t\u00edtulo de motocross este a\u00f1o. Pero estoy muy agradecido de que la lesi\u00f3n no es peor. Voy a utilizar este tiempo alejado de las carreras para recuperarme completamente, sabiendo que esto s\u00f3lo me har\u00e1 m\u00e1s fuerte y estar\u00e9 m\u00e1s motivado. Gracias a todos por su apoyo y comprensi\u00f3n &#8220;.<\/p>\n<p style=\"text-align: justify;\">Dungey se ha mantenido relativamente sano desde su paso a la clase 450 en 2010. Hay que volver a\u00a02012, cuando Dungey perdi\u00f3 cinco carreras de Supercross debido a una lesi\u00f3n en el hombro, para encontrar la \u00faltima vez que perdi\u00f3 variasfechas en una temporada. Actualmente segundo en el campeonato 450MX, Dungey nunca ha terminado un campeonato 450 mas atr\u00e1s que 3ro., pero este r\u00e9cord est\u00e1\u00a0en peligro despu\u00e9s de las noticias de hoy.<\/p>\n<p style=\"text-align: justify;\">&#8220;Obviamente que Ryan est\u00e9 lesionado es duro para el equipo&#8221;, dijo Roger Decoster, Red Bull KTM Team Manager. &#8220;En ese momento no sab\u00edamos acerca de su lesi\u00f3n y est\u00e1bamos tan orgullosos de la forma en que corri\u00f3 segunda manga en Colorado de 19no\u00a0lugar hasta casi terminar en el podio. Pero ahora sabemos que \u00e9l lo logr\u00f3 luchando con\u00a0el dolor de una v\u00e9rtebra rota\u00a0muestra lo que un piloto campe\u00f3n puede hacer en una incre\u00edblemente dif\u00edcil situaci\u00f3n. El plan ahora es volver a evaluar su regreso a compitiendo en el tiempo de 6 semanas m\u00ednimo, una vez que lo\u00a0vuelve a evaluar su m\u00e9dico &#8220;.<\/p>\n<p style=\"text-align: justify;\">\n","protected":false},"excerpt":{"rendered":"<p>Red Bull KTM ha anunciado hoy que Ryan Dungey sufri\u00f3 una rotura de v\u00e9rtebra despu\u00e9s&#8230;<\/p>\n","protected":false},"author":2,"featured_media":0,"comment_status":"open","ping_status":"open","sticky":false,"template":"","format":"standard","meta":{"om_disable_all_campaigns":false,"_monsterinsights_skip_tracking":false,"_monsterinsights_sitenote_active":false,"_monsterinsights_sitenote_note":"","_monsterinsights_sitenote_category":0,"_uf_show_specific_survey":0,"_uf_disable_surveys":false,"footnotes":""},"categories":[25,30],"tags":[5],"class_list":["post-20995","post","type-post","status-publish","format-standard","hentry","category-ama-motocross","category-ama-supercross","tag-slice"],"aioseo_notices":[],"_links":{"self":[{"href":"https:\/\/www.crossprensa.com.ar\/news\/wp-json\/wp\/v2\/posts\/20995","targetHints":{"allow":["GET"]}}],"collection":[{"href":"https:\/\/www.crossprensa.com.ar\/news\/wp-json\/wp\/v2\/posts"}],"about":[{"href":"https:\/\/www.crossprensa.com.ar\/news\/wp-json\/wp\/v2\/types\/post"}],"author":[{"embeddable":true,"href":"https:\/\/www.crossprensa.com.ar\/news\/wp-json\/wp\/v2\/users\/2"}],"replies":[{"embeddable":true,"href":"https:\/\/www.crossprensa.com.ar\/news\/wp-json\/wp\/v2\/comments?post=20995"}],"version-history":[{"count":1,"href":"https:\/\/www.crossprensa.com.ar\/news\/wp-json\/wp\/v2\/posts\/20995\/revisions"}],"predecessor-version":[{"id":20997,"href":"https:\/\/www.crossprensa.com.ar\/news\/wp-json\/wp\/v2\/posts\/20995\/revisions\/20997"}],"wp:attachment":[{"href":"https:\/\/www.crossprensa.com.ar\/news\/wp-json\/wp\/v2\/media?parent=20995"}],"wp:term":[{"taxonomy":"category","embeddable":true,"href":"https:\/\/www.crossprensa.com.ar\/news\/wp-json\/wp\/v2\/categories?post=20995"},{"taxonomy":"post_tag","embeddable":true,"href":"https:\/\/www.crossprensa.com.ar\/news\/wp-json\/wp\/v2\/tags?post=20995"}],"curies":[{"name":"wp","href":"https:\/\/api.w.org\/{rel}","templated":true}]}}