{"id":20814,"date":"2016-05-24T12:07:47","date_gmt":"2016-05-24T15:07:47","guid":{"rendered":"http:\/\/www.crossprensa.com.ar\/news\/?p=20814"},"modified":"2016-05-24T12:07:47","modified_gmt":"2016-05-24T15:07:47","slug":"afriquia-mezouga-rally-etapa-2","status":"publish","type":"post","link":"https:\/\/www.crossprensa.com.ar\/news\/afriquia-mezouga-rally-etapa-2\/rally\/","title":{"rendered":"Afriquia Mezouga Rally &#8211; Etapa 2"},"content":{"rendered":"<h4>Victoria de Farr\u00e9s. Kevin Benavides contin\u00faa en el Top 5.<\/h4>\n<p>Contin\u00faa la marcha en Africa entre esos m\u00e9danos que hacen rememorar AQUEL Dakar antes de pisar nuestra tierra. Y los pilotos est\u00e1n demostrando lo que saben de navegaci\u00f3n adem\u00e1s de ir r\u00e1pido porque ac\u00e1 las referencias son escasas por no decir directamente nulas en algunos casos. Todos los resultados de la 2da. etapa los tienen en la nota.<\/p>\n<p><!--more--><\/p>\n<p>AFRIQUIA MEZOUGA RALLY<\/p>\n<p>ETAPA 2<\/p>\n<p>RESULTADOS FINALES<\/p>\n<p><img fetchpriority=\"high\" decoding=\"async\" class=\"aligncenter wp-image-20815 size-full\" src=\"http:\/\/www.crossprensa.com.ar\/news\/wp-content\/uploads\/2016\/05\/nSHwv2b536-1.jpg\" alt=\"nSHwv2b536\" width=\"3268\" height=\"2652\" \/><\/p>\n","protected":false},"excerpt":{"rendered":"<p>Victoria de Farr\u00e9s. Kevin Benavides contin\u00faa en el Top 5. Contin\u00faa la marcha en Africa&#8230;<\/p>\n","protected":false},"author":2,"featured_media":0,"comment_status":"open","ping_status":"open","sticky":false,"template":"","format":"standard","meta":{"om_disable_all_campaigns":false,"_monsterinsights_skip_tracking":false,"_monsterinsights_sitenote_active":false,"_monsterinsights_sitenote_note":"","_monsterinsights_sitenote_category":0,"_uf_show_specific_survey":0,"_uf_disable_surveys":false,"footnotes":""},"categories":[15],"tags":[5],"class_list":["post-20814","post","type-post","status-publish","format-standard","hentry","category-rally","tag-slice"],"aioseo_notices":[],"_links":{"self":[{"href":"https:\/\/www.crossprensa.com.ar\/news\/wp-json\/wp\/v2\/posts\/20814","targetHints":{"allow":["GET"]}}],"collection":[{"href":"https:\/\/www.crossprensa.com.ar\/news\/wp-json\/wp\/v2\/posts"}],"about":[{"href":"https:\/\/www.crossprensa.com.ar\/news\/wp-json\/wp\/v2\/types\/post"}],"author":[{"embeddable":true,"href":"https:\/\/www.crossprensa.com.ar\/news\/wp-json\/wp\/v2\/users\/2"}],"replies":[{"embeddable":true,"href":"https:\/\/www.crossprensa.com.ar\/news\/wp-json\/wp\/v2\/comments?post=20814"}],"version-history":[{"count":1,"href":"https:\/\/www.crossprensa.com.ar\/news\/wp-json\/wp\/v2\/posts\/20814\/revisions"}],"predecessor-version":[{"id":20817,"href":"https:\/\/www.crossprensa.com.ar\/news\/wp-json\/wp\/v2\/posts\/20814\/revisions\/20817"}],"wp:attachment":[{"href":"https:\/\/www.crossprensa.com.ar\/news\/wp-json\/wp\/v2\/media?parent=20814"}],"wp:term":[{"taxonomy":"category","embeddable":true,"href":"https:\/\/www.crossprensa.com.ar\/news\/wp-json\/wp\/v2\/categories?post=20814"},{"taxonomy":"post_tag","embeddable":true,"href":"https:\/\/www.crossprensa.com.ar\/news\/wp-json\/wp\/v2\/tags?post=20814"}],"curies":[{"name":"wp","href":"https:\/\/api.w.org\/{rel}","templated":true}]}}