{"id":20594,"date":"2016-05-14T22:06:20","date_gmt":"2016-05-15T01:06:20","guid":{"rendered":"http:\/\/www.crossprensa.com.ar\/news\/?p=20594"},"modified":"2016-05-14T22:06:20","modified_gmt":"2016-05-15T01:06:20","slug":"santa-fe-a-pleno","status":"publish","type":"post","link":"https:\/\/www.crossprensa.com.ar\/news\/santa-fe-a-pleno\/mx\/","title":{"rendered":"Santa Fe a pleno&#8230;!"},"content":{"rendered":"<p>Hab\u00edamos visto la pista muy fea y lo dijimos. Ahora la vimos impecable, Y LO DECIMOS. El circuito est\u00e1 excelente para esperar una nueva fecha del Campeonato del Centro Santafesino de Motocross, y ah\u00ed estaremos para contarles todo lo que est\u00e9 pasando en un lugar con historia. 21 y 22 de Mayo. Los esperamos, o se lo van a perder?<\/p>\n<p><!--more--><\/p>\n<p><iframe title=\"Santa Fe los espera! 21 y 22 de Mayo!\" width=\"640\" height=\"360\" src=\"https:\/\/www.youtube.com\/embed\/Qh05EUrlesQ?feature=oembed\" frameborder=\"0\" allow=\"accelerometer; autoplay; clipboard-write; encrypted-media; gyroscope; picture-in-picture; web-share\" referrerpolicy=\"strict-origin-when-cross-origin\" allowfullscreen><\/iframe><\/p>\n","protected":false},"excerpt":{"rendered":"<p>Hab\u00edamos visto la pista muy fea y lo dijimos. Ahora la vimos impecable, Y LO&#8230;<\/p>\n","protected":false},"author":2,"featured_media":0,"comment_status":"open","ping_status":"open","sticky":false,"template":"","format":"standard","meta":{"om_disable_all_campaigns":false,"_monsterinsights_skip_tracking":false,"_monsterinsights_sitenote_active":false,"_monsterinsights_sitenote_note":"","_monsterinsights_sitenote_category":0,"_uf_show_specific_survey":0,"_uf_disable_surveys":false,"footnotes":""},"categories":[16,7],"tags":[6],"class_list":["post-20594","post","type-post","status-publish","format-standard","hentry","category-crossprensa-radio","category-mx","tag-text"],"aioseo_notices":[],"_links":{"self":[{"href":"https:\/\/www.crossprensa.com.ar\/news\/wp-json\/wp\/v2\/posts\/20594","targetHints":{"allow":["GET"]}}],"collection":[{"href":"https:\/\/www.crossprensa.com.ar\/news\/wp-json\/wp\/v2\/posts"}],"about":[{"href":"https:\/\/www.crossprensa.com.ar\/news\/wp-json\/wp\/v2\/types\/post"}],"author":[{"embeddable":true,"href":"https:\/\/www.crossprensa.com.ar\/news\/wp-json\/wp\/v2\/users\/2"}],"replies":[{"embeddable":true,"href":"https:\/\/www.crossprensa.com.ar\/news\/wp-json\/wp\/v2\/comments?post=20594"}],"version-history":[{"count":2,"href":"https:\/\/www.crossprensa.com.ar\/news\/wp-json\/wp\/v2\/posts\/20594\/revisions"}],"predecessor-version":[{"id":20601,"href":"https:\/\/www.crossprensa.com.ar\/news\/wp-json\/wp\/v2\/posts\/20594\/revisions\/20601"}],"wp:attachment":[{"href":"https:\/\/www.crossprensa.com.ar\/news\/wp-json\/wp\/v2\/media?parent=20594"}],"wp:term":[{"taxonomy":"category","embeddable":true,"href":"https:\/\/www.crossprensa.com.ar\/news\/wp-json\/wp\/v2\/categories?post=20594"},{"taxonomy":"post_tag","embeddable":true,"href":"https:\/\/www.crossprensa.com.ar\/news\/wp-json\/wp\/v2\/tags?post=20594"}],"curies":[{"name":"wp","href":"https:\/\/api.w.org\/{rel}","templated":true}]}}