{"id":17738,"date":"2016-01-26T14:30:15","date_gmt":"2016-01-26T17:30:15","guid":{"rendered":"http:\/\/www.crossprensa.com.ar\/news\/?p=17738"},"modified":"2016-01-26T14:30:15","modified_gmt":"2016-01-26T17:30:15","slug":"cairoli-lesionado","status":"publish","type":"post","link":"https:\/\/www.crossprensa.com.ar\/news\/cairoli-lesionado\/mx\/","title":{"rendered":"CAIROLI LESIONADO?"},"content":{"rendered":"<p style=\"text-align: justify;\">Hemos le\u00eddo y escuchado varias cosas respecto de la lesi\u00f3n que sufriera Antonio Cairoli entrenando en Italia, incluso que se pon\u00eda en duda para el 8 veces campe\u00f3n del mundo su participaci\u00f3n en la 1ra. fecha de 2016 de MXGP en Qatar dentro de un mes.<\/p>\n<p style=\"text-align: justify;\">Aqu\u00ed, la verdad de lo que pas\u00f3.<\/p>\n<p style=\"text-align: justify;\"><!--more--><\/p>\n<p style=\"text-align: justify;\">Como vimos varios comentarios que tuvieron ra\u00edz en una suposici\u00f3n&#8230; lo mas l\u00f3gico era ir a la fuente, as\u00ed que nos pusimos en contacto con Lorenzo Resta que es el encargado de prensa de Antonio Cairoli, y nos cont\u00f3 que era lo que hab\u00eda ocurrido.<\/p>\n<p style=\"text-align: justify;\">Esto es lo que dijo la prensa europea:<\/p>\n<blockquote>\n<h4 style=\"text-align: justify;\">En esos d\u00edas todo el equipo estaba en camino de Baccalamanza entrenar, Herlings, Coldenhoff, Potjes y Jonass, pero este art\u00edculo parece haber confirmado la ca\u00edda y algunos problemas &#8230;<\/h4>\n<\/blockquote>\n<div class=\"text-container\" style=\"text-align: justify;\">\n<blockquote>\n<p class=\"summary\"><em><strong>Accidente leve en\u00a0Riola Sardo Oristano de Antonio Cairoli:<\/strong><\/em><\/p>\n<\/blockquote>\n<\/div>\n<div id=\"body-text\" class=\"text-container\">\n<blockquote>\n<p style=\"text-align: justify;\"><em>Iba a ser una sesi\u00f3n tranquila, sesi\u00f3n de fotos en la ma\u00f1ana y un par de vueltas por la tarde. En cambio, el segundo d\u00eda de actividades en el motocross Riola Sardo ha creado\u00a0un gran temor en Antonio Cairoli, piloto de KTM y campe\u00f3n del mundo ocho veces.<\/em><\/p>\n<p style=\"text-align: justify;\"><em>Cairoli secay\u00f3 en la tarde y se quej\u00f3 de dolor en el braz.<\/em><\/p>\n<p style=\"text-align: justify;\"><em>Un dolor que no pod\u00eda ser subestimado, especialmente desdeque \u00a0el a\u00f1o pasado el piloto de KTM tuvo una lesi\u00f3n grave en el codo de su brazo izquierdo. Un inconveniente que le hab\u00eda costado la retirada del mundial y perder la posibilidad de ganar el\u00a0noveno t\u00edtulo, s\u00e9ptimo en MXGP\u00a0consecutivo.<\/em><\/p>\n<p style=\"text-align: justify;\"><em>Despu\u00e9s del accidente Cairoli suspendi\u00f3 el entrenamiento y sali\u00f3 de la pista para ir al hospital en Oristano, donde fue revisado\u00a0en tiempo r\u00e9cord.<\/em><\/p>\n<p style=\"text-align: justify;\"><em>Afortunadamente, el golpe\u00a0no se ha convertido en una lesi\u00f3n que, en este punto, podr\u00eda comprometer la preparaci\u00f3n del piloto y su participaci\u00f3n en el Internacional de Italia, prevista para finales de este mes en Alghero, Domingo 31.<\/em><\/p>\n<p style=\"text-align: justify;\"><em>Para tranquilizar a todos, incluso a los fans que esperaban delante de la casa rodante del equipo KTM, pensamos que la misma aparici\u00f3n del\u00a0siciliano que, tras los controles pertinentes, volvi\u00f3 al circuito\u00a0y relat\u00f3 el incidente como una simple ca\u00edda, una de esas cosas que pueden pasar a cualquiera, incluyendo el campe\u00f3n del mundo.<\/em><\/p>\n<p style=\"text-align: justify;\"><em>Por tanto, el as de Sicilia debe continuar sin dificultad el programa de entrenamiento en la pista de Riola Sardo y luego probar la moto y se vea\u00a0ya en Alghero, en la primera de las tres fechas\u00a0del italiano.<\/em><\/p>\n<p style=\"text-align: justify;\"><em><span class=\"goog-text-highlight\">El objetivo es competir con el joven Romain Febvre que, despu\u00e9s de la parada de Cairoli por las molestias en el codo el a\u00f1o pasado, \u00a0gan\u00f3 el t\u00edtulo mundial en 2015. Un desaf\u00edo que respiramos Ya en las dunas de arena de motocross Riola Sardo, porque, adem\u00e1s de KTM, tambi\u00e9n el equipo Yamaha ha elegido la pista oristanese para completar la formaci\u00f3n de Febvre y probar nuevos elementos en la pr\u00f3xima temporada.<\/span><\/em><\/p>\n<\/blockquote>\n<\/div>\n<p>Ante una informaci\u00f3n que no nos resultaba del todo clara, hablamos con Lorenzo Resta y nos dijo que no fue nada, solo un leve GOLPE EN LAS COSTILLAS, y que todo sigue normalmente con vistas al Mundial de MXGP.<\/p>\n<p>A veces, cuando no hay que escribir&#8230; se lee cada cosa. Pero Crossprensa va a la fuente, sin vueltas, y para tener siempre la verdad en la mano.<\/p>\n<p>&nbsp;<\/p>\n","protected":false},"excerpt":{"rendered":"<p>Hemos le\u00eddo y escuchado varias cosas respecto de la lesi\u00f3n que sufriera Antonio Cairoli entrenando&#8230;<\/p>\n","protected":false},"author":2,"featured_media":0,"comment_status":"open","ping_status":"open","sticky":false,"template":"","format":"standard","meta":{"om_disable_all_campaigns":false,"_monsterinsights_skip_tracking":false,"_monsterinsights_sitenote_active":false,"_monsterinsights_sitenote_note":"","_monsterinsights_sitenote_category":0,"_uf_show_specific_survey":0,"_uf_disable_surveys":false,"footnotes":""},"categories":[7,24],"tags":[5],"class_list":["post-17738","post","type-post","status-publish","format-standard","hentry","category-mx","category-mxgp","tag-slice"],"aioseo_notices":[],"_links":{"self":[{"href":"https:\/\/www.crossprensa.com.ar\/news\/wp-json\/wp\/v2\/posts\/17738","targetHints":{"allow":["GET"]}}],"collection":[{"href":"https:\/\/www.crossprensa.com.ar\/news\/wp-json\/wp\/v2\/posts"}],"about":[{"href":"https:\/\/www.crossprensa.com.ar\/news\/wp-json\/wp\/v2\/types\/post"}],"author":[{"embeddable":true,"href":"https:\/\/www.crossprensa.com.ar\/news\/wp-json\/wp\/v2\/users\/2"}],"replies":[{"embeddable":true,"href":"https:\/\/www.crossprensa.com.ar\/news\/wp-json\/wp\/v2\/comments?post=17738"}],"version-history":[{"count":1,"href":"https:\/\/www.crossprensa.com.ar\/news\/wp-json\/wp\/v2\/posts\/17738\/revisions"}],"predecessor-version":[{"id":17740,"href":"https:\/\/www.crossprensa.com.ar\/news\/wp-json\/wp\/v2\/posts\/17738\/revisions\/17740"}],"wp:attachment":[{"href":"https:\/\/www.crossprensa.com.ar\/news\/wp-json\/wp\/v2\/media?parent=17738"}],"wp:term":[{"taxonomy":"category","embeddable":true,"href":"https:\/\/www.crossprensa.com.ar\/news\/wp-json\/wp\/v2\/categories?post=17738"},{"taxonomy":"post_tag","embeddable":true,"href":"https:\/\/www.crossprensa.com.ar\/news\/wp-json\/wp\/v2\/tags?post=17738"}],"curies":[{"name":"wp","href":"https:\/\/api.w.org\/{rel}","templated":true}]}}