{"id":17568,"date":"2016-01-14T17:00:30","date_gmt":"2016-01-14T20:00:30","guid":{"rendered":"http:\/\/www.crossprensa.com.ar\/news\/?p=17568"},"modified":"2016-01-14T17:00:57","modified_gmt":"2016-01-14T20:00:57","slug":"17568","status":"publish","type":"post","link":"https:\/\/www.crossprensa.com.ar\/news\/17568\/mx\/","title":{"rendered":"IVO MONTICELLI CON GRAVE LESI\u00d3N."},"content":{"rendered":"<p style=\"text-align: justify;\"><strong>el mejor piloto\u00a0italiano en el Mundial de Motocross MX2, Ivo Monticelli y como se anunci\u00f3 en el a\u00f1o 2016 estar\u00e1 corriendo\u00a0en el equipo KTM Marchetti Racing, con el tercer a\u00f1o en el v\u00ednculo entre el equipo y el piloto, que estaba entrenando actualmente en Cerde\u00f1a, y se peg\u00f3 un muy fuerte\u00a0golpe este mi\u00e9rcoles pasado.<\/strong><\/p>\n<p style=\"text-align: justify;\"><!--more--><\/p>\n<p style=\"text-align: justify;\"><a href=\"http:\/\/www.crossprensa.com.ar\/news\/wp-content\/uploads\/2016\/01\/nSHwv2b11.jpg\"><img fetchpriority=\"high\" decoding=\"async\" class=\"aligncenter size-large wp-image-17570\" src=\"http:\/\/www.crossprensa.com.ar\/news\/wp-content\/uploads\/2016\/01\/nSHwv2b11-600x400.jpg\" alt=\"nSHwv2b11\" width=\"600\" height=\"400\" \/><\/a><\/p>\n<p style=\"text-align: justify;\">La noticia lleg\u00f3 en la ma\u00f1ana de hoy, informando que Ivo Monticelli se golpea muy fuerte\u00a0entrenando, \u00a0y hablamos de una o dos v\u00e9rtebras fracturadas, se inform\u00f3 que ning\u00fan nervio ha sido da\u00f1ado y tampoco la m\u00e9dula espinal por lo que el da\u00f1o no fue mayor, y estamos a la espera de\u00a0la confirmaci\u00f3n de su equipo, ya que\u00a0actualmente Ivo fue ingresados \u200b\u200ben el hospital en la isla de Cerde\u00f1a, y s\u00f3lo podemos esperar la confirmaci\u00f3n y la esperanza de que Ivo se recuperar\u00e1 tan r\u00e1pido como sea posible. En la foto de tapa vemos las marcas incluso del casco, y fue publicada por el propio Monticelli en instagram.<\/p>\n","protected":false},"excerpt":{"rendered":"<p>el mejor piloto\u00a0italiano en el Mundial de Motocross MX2, Ivo Monticelli y como se anunci\u00f3&#8230;<\/p>\n","protected":false},"author":2,"featured_media":0,"comment_status":"open","ping_status":"open","sticky":false,"template":"","format":"standard","meta":{"om_disable_all_campaigns":false,"_monsterinsights_skip_tracking":false,"_monsterinsights_sitenote_active":false,"_monsterinsights_sitenote_note":"","_monsterinsights_sitenote_category":0,"_uf_show_specific_survey":0,"_uf_disable_surveys":false,"footnotes":""},"categories":[7,24],"tags":[6],"class_list":["post-17568","post","type-post","status-publish","format-standard","hentry","category-mx","category-mxgp","tag-text"],"aioseo_notices":[],"_links":{"self":[{"href":"https:\/\/www.crossprensa.com.ar\/news\/wp-json\/wp\/v2\/posts\/17568","targetHints":{"allow":["GET"]}}],"collection":[{"href":"https:\/\/www.crossprensa.com.ar\/news\/wp-json\/wp\/v2\/posts"}],"about":[{"href":"https:\/\/www.crossprensa.com.ar\/news\/wp-json\/wp\/v2\/types\/post"}],"author":[{"embeddable":true,"href":"https:\/\/www.crossprensa.com.ar\/news\/wp-json\/wp\/v2\/users\/2"}],"replies":[{"embeddable":true,"href":"https:\/\/www.crossprensa.com.ar\/news\/wp-json\/wp\/v2\/comments?post=17568"}],"version-history":[{"count":2,"href":"https:\/\/www.crossprensa.com.ar\/news\/wp-json\/wp\/v2\/posts\/17568\/revisions"}],"predecessor-version":[{"id":17572,"href":"https:\/\/www.crossprensa.com.ar\/news\/wp-json\/wp\/v2\/posts\/17568\/revisions\/17572"}],"wp:attachment":[{"href":"https:\/\/www.crossprensa.com.ar\/news\/wp-json\/wp\/v2\/media?parent=17568"}],"wp:term":[{"taxonomy":"category","embeddable":true,"href":"https:\/\/www.crossprensa.com.ar\/news\/wp-json\/wp\/v2\/categories?post=17568"},{"taxonomy":"post_tag","embeddable":true,"href":"https:\/\/www.crossprensa.com.ar\/news\/wp-json\/wp\/v2\/tags?post=17568"}],"curies":[{"name":"wp","href":"https:\/\/api.w.org\/{rel}","templated":true}]}}