{"id":16689,"date":"2015-12-11T15:39:18","date_gmt":"2015-12-11T18:39:18","guid":{"rendered":"http:\/\/www.crossprensa.com.ar\/news\/?p=16689"},"modified":"2015-12-11T15:39:18","modified_gmt":"2015-12-11T18:39:18","slug":"kawasaki-2017-donde-lo-viste-primero","status":"publish","type":"post","link":"https:\/\/www.crossprensa.com.ar\/news\/kawasaki-2017-donde-lo-viste-primero\/mx\/","title":{"rendered":"Kawasaki 2017&#8230;! Donde lo viste primero?"},"content":{"rendered":"<p style=\"text-align: justify;\">Los nuevos modelos no se hacen esperar. Ya se trabaja en USA con miras a la nueva temporada de MOTOCROSS (Lo del Supercross est\u00e1 listo hace dos meses), y Kawasaki devela un secreto CREO que de casualidad&#8230;!<\/p>\n<p style=\"text-align: justify;\"><!--more--><\/p>\n<p style=\"text-align: justify;\">Buscando informaci\u00f3n como siempre, aparece la foto que ven en la portada, el nuevo chasis de Kawasaki para 2017! Ser\u00e1 la moto que ellos usen como oficial para el AMA MX en 2016 y que luego evolucione para las motos de serie que se vendan al p\u00fablico. Qui\u00e9n ser\u00e1 el encargado de poner la moto a punto? Ryan Villopoto!<\/p>\n<p>&nbsp;<\/p>\n","protected":false},"excerpt":{"rendered":"<p>Los nuevos modelos no se hacen esperar. Ya se trabaja en USA con miras a&#8230;<\/p>\n","protected":false},"author":2,"featured_media":0,"comment_status":"open","ping_status":"open","sticky":false,"template":"","format":"standard","meta":{"om_disable_all_campaigns":false,"_monsterinsights_skip_tracking":false,"_monsterinsights_sitenote_active":false,"_monsterinsights_sitenote_note":"","_monsterinsights_sitenote_category":0,"_uf_show_specific_survey":0,"_uf_disable_surveys":false,"footnotes":""},"categories":[25,7,24],"tags":[6],"class_list":["post-16689","post","type-post","status-publish","format-standard","hentry","category-ama-motocross","category-mx","category-mxgp","tag-text"],"aioseo_notices":[],"_links":{"self":[{"href":"https:\/\/www.crossprensa.com.ar\/news\/wp-json\/wp\/v2\/posts\/16689","targetHints":{"allow":["GET"]}}],"collection":[{"href":"https:\/\/www.crossprensa.com.ar\/news\/wp-json\/wp\/v2\/posts"}],"about":[{"href":"https:\/\/www.crossprensa.com.ar\/news\/wp-json\/wp\/v2\/types\/post"}],"author":[{"embeddable":true,"href":"https:\/\/www.crossprensa.com.ar\/news\/wp-json\/wp\/v2\/users\/2"}],"replies":[{"embeddable":true,"href":"https:\/\/www.crossprensa.com.ar\/news\/wp-json\/wp\/v2\/comments?post=16689"}],"version-history":[{"count":1,"href":"https:\/\/www.crossprensa.com.ar\/news\/wp-json\/wp\/v2\/posts\/16689\/revisions"}],"predecessor-version":[{"id":16691,"href":"https:\/\/www.crossprensa.com.ar\/news\/wp-json\/wp\/v2\/posts\/16689\/revisions\/16691"}],"wp:attachment":[{"href":"https:\/\/www.crossprensa.com.ar\/news\/wp-json\/wp\/v2\/media?parent=16689"}],"wp:term":[{"taxonomy":"category","embeddable":true,"href":"https:\/\/www.crossprensa.com.ar\/news\/wp-json\/wp\/v2\/categories?post=16689"},{"taxonomy":"post_tag","embeddable":true,"href":"https:\/\/www.crossprensa.com.ar\/news\/wp-json\/wp\/v2\/tags?post=16689"}],"curies":[{"name":"wp","href":"https:\/\/api.w.org\/{rel}","templated":true}]}}