{"id":16578,"date":"2015-12-04T03:59:10","date_gmt":"2015-12-04T06:59:10","guid":{"rendered":"http:\/\/www.crossprensa.com.ar\/news\/?p=16578"},"modified":"2015-12-04T03:59:10","modified_gmt":"2015-12-04T06:59:10","slug":"suzuki-racing-magazine-en-crossprensa","status":"publish","type":"post","link":"https:\/\/www.crossprensa.com.ar\/news\/suzuki-racing-magazine-en-crossprensa\/sin-categoria\/","title":{"rendered":"Suzuki Racing Magazine en Crossprensa!"},"content":{"rendered":"<p>La \u00faltima edici\u00f3n de diciembre del Team Suzuki Racing Magazine ya est\u00e1 en l\u00ednea.<\/p>\n<p><!--more--><\/p>\n<p>La revista incluye el retorno a equipo Suzuki del\u00a010 veces Campe\u00f3n del Mundo de Motocross Stefan Everts; el\u00a0m\u00e1s exitosopiloto de motocross del mundo, quien termin\u00f3 su carrera en 2006 con un total de 101 GP ganados entre 125cc, 250cc y 500cc \/ MX1.<\/p>\n<p>&nbsp;<\/p>\n<p><iframe title=\"TSR Magazine December 2015\" src=\"http:\/\/www.suzuki-racing.com\/magazine\/2015\/december\/index.html\" width=\"640\" height=\"480\" frameborder=\"0\" marginwidth=\"0\" marginheight=\"0\" scrolling=\"no\"><\/iframe><\/p>\n","protected":false},"excerpt":{"rendered":"<p>La \u00faltima edici\u00f3n de diciembre del Team Suzuki Racing Magazine ya est\u00e1 en l\u00ednea.<\/p>\n","protected":false},"author":2,"featured_media":0,"comment_status":"open","ping_status":"open","sticky":false,"template":"","format":"standard","meta":{"om_disable_all_campaigns":false,"_monsterinsights_skip_tracking":false,"_monsterinsights_sitenote_active":false,"_monsterinsights_sitenote_note":"","_monsterinsights_sitenote_category":0,"_uf_show_specific_survey":0,"_uf_disable_surveys":false,"footnotes":""},"categories":[7,24,1,12],"tags":[5],"class_list":["post-16578","post","type-post","status-publish","format-standard","hentry","category-mx","category-mxgp","category-sin-categoria","category-tecnica","tag-slice"],"aioseo_notices":[],"_links":{"self":[{"href":"https:\/\/www.crossprensa.com.ar\/news\/wp-json\/wp\/v2\/posts\/16578","targetHints":{"allow":["GET"]}}],"collection":[{"href":"https:\/\/www.crossprensa.com.ar\/news\/wp-json\/wp\/v2\/posts"}],"about":[{"href":"https:\/\/www.crossprensa.com.ar\/news\/wp-json\/wp\/v2\/types\/post"}],"author":[{"embeddable":true,"href":"https:\/\/www.crossprensa.com.ar\/news\/wp-json\/wp\/v2\/users\/2"}],"replies":[{"embeddable":true,"href":"https:\/\/www.crossprensa.com.ar\/news\/wp-json\/wp\/v2\/comments?post=16578"}],"version-history":[{"count":2,"href":"https:\/\/www.crossprensa.com.ar\/news\/wp-json\/wp\/v2\/posts\/16578\/revisions"}],"predecessor-version":[{"id":16581,"href":"https:\/\/www.crossprensa.com.ar\/news\/wp-json\/wp\/v2\/posts\/16578\/revisions\/16581"}],"wp:attachment":[{"href":"https:\/\/www.crossprensa.com.ar\/news\/wp-json\/wp\/v2\/media?parent=16578"}],"wp:term":[{"taxonomy":"category","embeddable":true,"href":"https:\/\/www.crossprensa.com.ar\/news\/wp-json\/wp\/v2\/categories?post=16578"},{"taxonomy":"post_tag","embeddable":true,"href":"https:\/\/www.crossprensa.com.ar\/news\/wp-json\/wp\/v2\/tags?post=16578"}],"curies":[{"name":"wp","href":"https:\/\/api.w.org\/{rel}","templated":true}]}}