{"id":16530,"date":"2015-12-02T04:49:27","date_gmt":"2015-12-02T07:49:27","guid":{"rendered":"http:\/\/www.crossprensa.com.ar\/news\/?p=16530"},"modified":"2015-12-02T04:49:27","modified_gmt":"2015-12-02T07:49:27","slug":"gianluca-facchetti-volvio-tornato-in-pista","status":"publish","type":"post","link":"https:\/\/www.crossprensa.com.ar\/news\/gianluca-facchetti-volvio-tornato-in-pista\/mx\/","title":{"rendered":"Gianluca Facchetti volvi\u00f3 \/ tornato in pista!"},"content":{"rendered":"<p style=\"text-align: justify;\">Despu\u00e9s del grave accidente del que nos ocupamos ampliamente y del que nos ten\u00eda informado su compa\u00f1ero de equipo Jorge Prado Garc\u00eda junto a su madre, hoy les contamos que el italiano ya est\u00e1 otra vez sobre la moto.<\/p>\n<p style=\"text-align: justify;\">Un terrible poder de recuperaci\u00f3n, mezclado con todas las ganas de volver a subirse a la moto, hizo que el piloto estuviese girando en Roma por dos d\u00edas, y disfrutando a pleno de lo que mas ama en el mundo que es correr en Motocross. Estamos trabajando para poder tener un reportaje con el.<\/p>\n<p><!--more--><\/p>\n<p><a href=\"http:\/\/www.crossprensa.com.ar\/news\/wp-content\/uploads\/2015\/12\/zzzzzz23527914509jpg.jpg\"><img fetchpriority=\"high\" decoding=\"async\" class=\"aligncenter size-large wp-image-16532\" src=\"http:\/\/www.crossprensa.com.ar\/news\/wp-content\/uploads\/2015\/12\/zzzzzz23527914509jpg-400x400.jpg\" alt=\"zzzzzz23527914509jpg\" width=\"400\" height=\"400\" srcset=\"https:\/\/www.crossprensa.com.ar\/news\/wp-content\/uploads\/2015\/12\/zzzzzz23527914509jpg-400x400.jpg 400w, https:\/\/www.crossprensa.com.ar\/news\/wp-content\/uploads\/2015\/12\/zzzzzz23527914509jpg-300x300.jpg 300w, https:\/\/www.crossprensa.com.ar\/news\/wp-content\/uploads\/2015\/12\/zzzzzz23527914509jpg-150x150.jpg 150w, https:\/\/www.crossprensa.com.ar\/news\/wp-content\/uploads\/2015\/12\/zzzzzz23527914509jpg-768x768.jpg 768w, https:\/\/www.crossprensa.com.ar\/news\/wp-content\/uploads\/2015\/12\/zzzzzz23527914509jpg-80x80.jpg 80w, https:\/\/www.crossprensa.com.ar\/news\/wp-content\/uploads\/2015\/12\/zzzzzz23527914509jpg-75x75.jpg 75w, https:\/\/www.crossprensa.com.ar\/news\/wp-content\/uploads\/2015\/12\/zzzzzz23527914509jpg-350x350.jpg 350w, https:\/\/www.crossprensa.com.ar\/news\/wp-content\/uploads\/2015\/12\/zzzzzz23527914509jpg-750x750.jpg 750w, https:\/\/www.crossprensa.com.ar\/news\/wp-content\/uploads\/2015\/12\/zzzzzz23527914509jpg.jpg 960w\" sizes=\"(max-width: 400px) 100vw, 400px\" \/><\/a><\/p>\n","protected":false},"excerpt":{"rendered":"<p>Despu\u00e9s del grave accidente del que nos ocupamos ampliamente y del que nos ten\u00eda informado&#8230;<\/p>\n","protected":false},"author":2,"featured_media":0,"comment_status":"open","ping_status":"open","sticky":false,"template":"","format":"standard","meta":{"om_disable_all_campaigns":false,"_monsterinsights_skip_tracking":false,"_monsterinsights_sitenote_active":false,"_monsterinsights_sitenote_note":"","_monsterinsights_sitenote_category":0,"_uf_show_specific_survey":0,"_uf_disable_surveys":false,"footnotes":""},"categories":[7,24],"tags":[5],"class_list":["post-16530","post","type-post","status-publish","format-standard","hentry","category-mx","category-mxgp","tag-slice"],"aioseo_notices":[],"_links":{"self":[{"href":"https:\/\/www.crossprensa.com.ar\/news\/wp-json\/wp\/v2\/posts\/16530","targetHints":{"allow":["GET"]}}],"collection":[{"href":"https:\/\/www.crossprensa.com.ar\/news\/wp-json\/wp\/v2\/posts"}],"about":[{"href":"https:\/\/www.crossprensa.com.ar\/news\/wp-json\/wp\/v2\/types\/post"}],"author":[{"embeddable":true,"href":"https:\/\/www.crossprensa.com.ar\/news\/wp-json\/wp\/v2\/users\/2"}],"replies":[{"embeddable":true,"href":"https:\/\/www.crossprensa.com.ar\/news\/wp-json\/wp\/v2\/comments?post=16530"}],"version-history":[{"count":1,"href":"https:\/\/www.crossprensa.com.ar\/news\/wp-json\/wp\/v2\/posts\/16530\/revisions"}],"predecessor-version":[{"id":16533,"href":"https:\/\/www.crossprensa.com.ar\/news\/wp-json\/wp\/v2\/posts\/16530\/revisions\/16533"}],"wp:attachment":[{"href":"https:\/\/www.crossprensa.com.ar\/news\/wp-json\/wp\/v2\/media?parent=16530"}],"wp:term":[{"taxonomy":"category","embeddable":true,"href":"https:\/\/www.crossprensa.com.ar\/news\/wp-json\/wp\/v2\/categories?post=16530"},{"taxonomy":"post_tag","embeddable":true,"href":"https:\/\/www.crossprensa.com.ar\/news\/wp-json\/wp\/v2\/tags?post=16530"}],"curies":[{"name":"wp","href":"https:\/\/api.w.org\/{rel}","templated":true}]}}