{"id":16525,"date":"2015-11-30T13:35:46","date_gmt":"2015-11-30T16:35:46","guid":{"rendered":"http:\/\/www.crossprensa.com.ar\/news\/?p=16525"},"modified":"2015-11-30T13:35:46","modified_gmt":"2015-11-30T16:35:46","slug":"excelente-idea-campeonato-yz125","status":"publish","type":"post","link":"https:\/\/www.crossprensa.com.ar\/news\/excelente-idea-campeonato-yz125\/mx\/","title":{"rendered":"Excelente idea! campeonato YZ125"},"content":{"rendered":"<p style=\"text-align: justify;\">\u00bfCrees que tienes lo que se necesita para convertirte en el nuevo Romain Febvre? Aqu\u00ed est\u00e1 tu oportunidad de demostrarlo! En un esfuerzo por apoyar a los j\u00f3venes talentos del motocross, <strong>Youthstream<\/strong> y <strong>Yamaha<\/strong>\u00a0tienen el orgullo de presentar la oportunidad de su vida con la nueva Copa YZ125.<\/p>\n<p style=\"text-align: justify;\"><!--more--><\/p>\n<p style=\"text-align: justify;\">El campeonato, que se inici\u00f3 por iniciativa de Yamaha, se llevar\u00e1 a cabo en Europa en el \u00e1mbito nacional y el ganador ser\u00e1 premiado con un contrato para correr como\u00a0<strong>Oficial EMX125 en el equipo Yamaha!<\/strong><\/p>\n<p style=\"text-align: justify;\">El <strong>campeonato YZ125<\/strong> se llevar\u00e1 a cabo en 13 pa\u00edses y forma una entrada f\u00e1cil en el mundo de las carreras de MX para los adolescentes que tienen como objetivo llegar a la cima en la clase EMX125.<\/p>\n<p style=\"text-align: justify;\">Los mejores pilotos en cada campeonato nacional que se inscribieron en la Copa de Europa YZ125 se les permitir\u00e1 participar en un Superfinal en el Veltins Arena, Alemania el 8 de octubre <span style=\"font-size: 13.3333px; line-height: 20px;\">de<\/span>\u00a02016, donde los mejores pilotos YZ125 competir\u00e1n por la victoria frente a una multitud de 50.000 aficionados del motocross.<\/p>\n<p style=\"text-align: justify;\">En total ser\u00e1n cuarenta y dos candidatos luchando\u00a0por esta oportunidad \u00fanica.\u00a0Esto var\u00eda seg\u00fan el pa\u00eds para lo que\u00a0se asignar\u00e1n muchos pilotos y de acuerdo a la cantidad de inscriptos para llegar a la final del campeonato YZ125. Para los campeonatos nacionales que no terminen\u00a0antes de 12 de septiembre <span style=\"font-size: 13.3333px; line-height: 20px;\">de<\/span>\u00a02016, el derecho de asistir a la Superfinal se basar\u00e1 en la clasificaci\u00f3n del campeonato provisional en cada campeonato\u00a0nacional al 12 de septiembre.<\/p>\n<p style=\"text-align: justify;\">Los seis mejores pilotos de la Superfinal, unidas por dos comodines, ganar\u00e1n un d\u00eda Master Class \u00a0(curso m\u00faltiple) con el\u00a0<strong>Campe\u00f3n del Mundo de MX1 David <\/strong>Philippaerts (2008).<\/p>\n<p style=\"text-align: justify;\">Durante el Master Class los mentores decidir\u00e1n cu\u00e1l de estos pilotos se convertir\u00e1 en piloto oficial de Yamaha para la temporada EMX125 2017 y llegar a seguir los pasos del Campe\u00f3n del Mundo de 125cc Junior 2016, <strong>Maxime <\/strong>Renaux.<\/p>\n<p style=\"text-align: justify;\">Yamaha jug\u00f3 su parte en el apoyo Renaux durante su avance en 125 y espera hacer lo mismo para muchos m\u00e1s pilotos a trav\u00e9s de &#8216;BluCru&#8217;, nuevo programa de desarrollo de talentos j\u00f3venes de Yamaha que apoyar\u00e1 adolescentes en carreras de MX y proporciona un entorno de la comunidad en el \u00a0World\u00a0<strong>Yamaha Racing<\/strong>.<\/p>\n<p style=\"text-align: justify;\">La inscripci\u00f3n para el primer esfuerzo europeo de BluCru para apoyar a los j\u00f3venes con talento, la\u00a0<strong>Copa <\/strong>YZ125, no podr\u00eda ser m\u00e1s sencillo; si has nacido entre 2000 y 2004 y est\u00e1 compitiendo en uno de los campeonatos nacionales aprobados por FIM y seleccionados con una Yamaha YZ125, est\u00e1s adentro!\u00a0Todo lo que necesitas hacer para el siguiente paso en su carrera como piloto es registrarse en la Copa de Europa YZ125 enviando un formulario de inscripci\u00f3n completo a yz125cup@yamaha-motor.nl. Las inscripciones est\u00e1n abiertas hasta el 31 de enero de\u00a02016. Para descargar el formulario de inscripci\u00f3n, haga clic en\u00a0www.yamaha-racing.com.<\/p>\n<p style=\"text-align: justify;\">Para darle la bienvenida a <strong>BluCru de <\/strong>Yamaha, usted recibir\u00e1 un paquete de bienvenida tras su registro. El paquete contiene una remera, gorra, etiqueta insignia y un kit de calcoman\u00edas YZ que todos los contendientes de la Copa Europea YZ125 se obligan a utilizar, mientras que disputen las carreras en sus campeonatos nacionales.<\/p>\n<p>&nbsp;<\/p>\n<table border=\"1\" cellspacing=\"0\" cellpadding=\"0\">\n<tbody>\n<tr>\n<td><strong>2016 Campeonato Nacional de YZ125 Copa<\/strong><\/td>\n<td><strong>Asignaci\u00f3n del jinete para Final<\/strong><\/td>\n<\/tr>\n<tr>\n<td>Austria<\/td>\n<td>3<\/td>\n<\/tr>\n<tr>\n<td>B\u00e9lgica<\/td>\n<td>3<\/td>\n<\/tr>\n<tr>\n<td>Finlandia<\/td>\n<td>2<\/td>\n<\/tr>\n<tr>\n<td>Francia<\/td>\n<td>6<\/td>\n<\/tr>\n<tr>\n<td>Alemania<\/td>\n<td>4<\/td>\n<\/tr>\n<tr>\n<td>Grecia<\/td>\n<td>2<\/td>\n<\/tr>\n<tr>\n<td>Italia<\/td>\n<td>5<\/td>\n<\/tr>\n<tr>\n<td>Pa\u00edses Bajos<\/td>\n<td>2<\/td>\n<\/tr>\n<tr>\n<td>Portugal<\/td>\n<td>2<\/td>\n<\/tr>\n<tr>\n<td>Espa\u00f1a<\/td>\n<td>3<\/td>\n<\/tr>\n<tr>\n<td>Suecia<\/td>\n<td>4<\/td>\n<\/tr>\n<tr>\n<td>Suiza<\/td>\n<td>3<\/td>\n<\/tr>\n<tr>\n<td>Reino Unido<\/td>\n<td>3<\/td>\n<\/tr>\n<\/tbody>\n<\/table>\n","protected":false},"excerpt":{"rendered":"<p>\u00bfCrees que tienes lo que se necesita para convertirte en el nuevo Romain Febvre? Aqu\u00ed&#8230;<\/p>\n","protected":false},"author":2,"featured_media":0,"comment_status":"open","ping_status":"open","sticky":false,"template":"","format":"standard","meta":{"om_disable_all_campaigns":false,"_monsterinsights_skip_tracking":false,"_monsterinsights_sitenote_active":false,"_monsterinsights_sitenote_note":"","_monsterinsights_sitenote_category":0,"_uf_show_specific_survey":0,"_uf_disable_surveys":false,"footnotes":""},"categories":[7,27,24],"tags":[5],"class_list":["post-16525","post","type-post","status-publish","format-standard","hentry","category-mx","category-mx-argentino","category-mxgp","tag-slice"],"aioseo_notices":[],"_links":{"self":[{"href":"https:\/\/www.crossprensa.com.ar\/news\/wp-json\/wp\/v2\/posts\/16525","targetHints":{"allow":["GET"]}}],"collection":[{"href":"https:\/\/www.crossprensa.com.ar\/news\/wp-json\/wp\/v2\/posts"}],"about":[{"href":"https:\/\/www.crossprensa.com.ar\/news\/wp-json\/wp\/v2\/types\/post"}],"author":[{"embeddable":true,"href":"https:\/\/www.crossprensa.com.ar\/news\/wp-json\/wp\/v2\/users\/2"}],"replies":[{"embeddable":true,"href":"https:\/\/www.crossprensa.com.ar\/news\/wp-json\/wp\/v2\/comments?post=16525"}],"version-history":[{"count":1,"href":"https:\/\/www.crossprensa.com.ar\/news\/wp-json\/wp\/v2\/posts\/16525\/revisions"}],"predecessor-version":[{"id":16527,"href":"https:\/\/www.crossprensa.com.ar\/news\/wp-json\/wp\/v2\/posts\/16525\/revisions\/16527"}],"wp:attachment":[{"href":"https:\/\/www.crossprensa.com.ar\/news\/wp-json\/wp\/v2\/media?parent=16525"}],"wp:term":[{"taxonomy":"category","embeddable":true,"href":"https:\/\/www.crossprensa.com.ar\/news\/wp-json\/wp\/v2\/categories?post=16525"},{"taxonomy":"post_tag","embeddable":true,"href":"https:\/\/www.crossprensa.com.ar\/news\/wp-json\/wp\/v2\/tags?post=16525"}],"curies":[{"name":"wp","href":"https:\/\/api.w.org\/{rel}","templated":true}]}}