{"id":16372,"date":"2015-11-23T09:26:32","date_gmt":"2015-11-23T12:26:32","guid":{"rendered":"http:\/\/www.crossprensa.com.ar\/news\/?p=16372"},"modified":"2015-11-23T09:26:32","modified_gmt":"2015-11-23T12:26:32","slug":"mxgp-ferrandis-a-honda","status":"publish","type":"post","link":"https:\/\/www.crossprensa.com.ar\/news\/mxgp-ferrandis-a-honda\/mx\/","title":{"rendered":"MXGP: Ferrandis a Honda?"},"content":{"rendered":"<p style=\"text-align: justify;\">El equipo HRC\u00a0ha anunciado que el joven Campe\u00f3n del Mundo de MX2 Tim Gajser se unir\u00eda Gautier Paulin y Evgeny Bobryshev categor\u00eda MXGP en 2016, por esto el Equipo Gariboldi Racing se pone de inmediato a buscar un reemplazo para confiarle\u00a0la CRF 250 del esloveno&#8230;<\/p>\n<p style=\"text-align: justify;\"><!--more--><\/p>\n<p style=\"text-align: justify;\">Bajo contrato con Honda hasta el a\u00f1o 2020, el joven de 19 a\u00f1os nacido en Slovenia Tim Gajser tendr\u00e1 acceso a la categor\u00eda reina a partir del pr\u00f3ximo a\u00f1o, aunque pens\u00f3 quedarse\u00a0un a\u00f1o m\u00e1s en 250 y tratar de defender su t\u00edtulo contra Herlings, Anstie, Jonass o Ferrandis que lucharon este a\u00f1o &#8230; En el entrenamiento, &#8220;TG 243&#8221; lo hizo\u00a0regularmente (casi exclusivamente, \u00e9l afirma) en un 450 cc y, cuando tuvimos la oportunidad de ver que iba fuerte las dos \u00faltimas ediciones del MX de las Naciones, por ejemplo, estaba muy c\u00f3modo en este tipo de moto. Seg\u00fan \u00e9l, se siente incluso mucho mejor que en una de dos y medio. Para escuchar atentamente a Jean-Michel Bayle, director deportivo del equipo HRC MXGP ( que tambi\u00e9n ha tenido alguna influencia en esta decisi\u00f3n, parece), esta es una excelente idea, que beneficiar\u00e1 a todos: el piloto, que puede hacer el aprendizaje al m\u00e1s alto nivel sin ning\u00fan tipo de presi\u00f3n, el equipo impulsado inevitablemente por la sangre nueva, y el espect\u00e1culo, por supuesto (como la m\u00e1xima dice: &#8220;Cuantos m\u00e1s, mejor&#8221;)! JMB ha declarado, Gajser tendr\u00e1 una m\u00e1quina exactamente con los mismos eleentos que los de Paulin y Bobryshev. Sin embargo, \u00e9l seguir\u00e1\u00a0representando al equipo Gariboldi Racing. Sin embargo, esta &#8220;subida&#8221; a\u00a0la categor\u00eda reina de manera inesperada, del campe\u00f3n de MX2, \u00a0oblig\u00f3 a su equipoa\u00a0encontrar a alguien m\u00e1s para sentar en el CRF del campe\u00f3n del mundo! El segundo piloto de Gariboldi de este a\u00f1o, el espa\u00f1ol Jorge Zaragoza, probablemente se mantendr\u00e1, pero al HRC\u00a0el hambre de gloria\u00a0agudizado por la corona que ganaron esta temporada\u00a0hizo que apuntaran a\u00a0tener un piloto de un mayor calibre capaz de defenderla o incluso, posiblemente, para mantenerlo en el equipo\u00a0rojo &#8230;Dif\u00edcil, en esta fecha, la b\u00fasqueda de un\u00a0piloto Top\u00a0libre &#8230; As\u00ed que, se rumorea que tal vez, <strong>Dylan Ferrandis<\/strong> &#8230;<\/p>\n<p style=\"text-align: justify;\">\u00bfC\u00f3mo ?<\/p>\n<p style=\"text-align: justify;\">El franc\u00e9s\u00a0no firm\u00f3 un contrato de varios a\u00f1os\u00a0con Kawasaki?\u00a0Contrato que le permite tratar de jugarse por el t\u00edtulo de MX2 en 2016 y luego, posiblemente, de acuerdo con sus deseos,irse a EE.UU. o correr en MXGP &#8230; S\u00ed, pero ahora, hace\u00a0unas semanas que no hay buena onda\u00a0entre Dylan y Monster Energy KRT MX2. De hecho, despu\u00e9s de su lesi\u00f3n en la rodilla en el GP espa\u00f1ol, el joven Ferrandis\u00a0hac\u00eda su reaparici\u00f3n en los EE.UU. \u00a0En la gira americano de M\u00e9xico-EE.UU. que cerr\u00f3 la temporada de Grandes Premios, alegando que fue atacado. Su equipo lo neg\u00f3. Rara situaci\u00f3n que\u00a0Dylan no hab\u00eda contado. Entre otros &#8230;<\/p>\n<p style=\"text-align: justify;\">Entrevistado en el SX Lille (donde casi no ha tenido \u00e9xito) Sobre como terminaba 2015 y como ser\u00edan los\u00a0principios de 2016,\u00a0dio respuestas muy evasivas o vagas. Demasiado como para no despertar la curiosidad: <em>&#8220;Yo <\/em><em>no puedo decir nada todav\u00eda. <\/em><em>No s\u00e9 todav\u00eda lo que har\u00e9. <\/em><em>Sabr\u00e9 m\u00e1s la pr\u00f3xima semana. <\/em><em>Claro, voy a entrenar\u00a0en 250, pero no s\u00e9 m\u00e1s &#8230; <\/em>&#8220;. Bueno, esto no significa necesariamente que Ferrandis y Kawasaki podr\u00edan separarse. Abandonar\u00e1 el sue\u00f1o de USA\u00a0antes de lo previsto? Esto no resuelve nada, acerca de nuestra inc\u00f3gnita, pero que va a hacer, rechazar la moto de MX2 del campe\u00f3n del mundo? No creemos&#8230;<\/p>\n<p>&nbsp;<\/p>\n","protected":false},"excerpt":{"rendered":"<p>El equipo HRC\u00a0ha anunciado que el joven Campe\u00f3n del Mundo de MX2 Tim Gajser se&#8230;<\/p>\n","protected":false},"author":2,"featured_media":0,"comment_status":"open","ping_status":"open","sticky":false,"template":"","format":"standard","meta":{"om_disable_all_campaigns":false,"_monsterinsights_skip_tracking":false,"_monsterinsights_sitenote_active":false,"_monsterinsights_sitenote_note":"","_monsterinsights_sitenote_category":0,"_uf_show_specific_survey":0,"_uf_disable_surveys":false,"footnotes":""},"categories":[7,24],"tags":[5],"class_list":["post-16372","post","type-post","status-publish","format-standard","hentry","category-mx","category-mxgp","tag-slice"],"aioseo_notices":[],"_links":{"self":[{"href":"https:\/\/www.crossprensa.com.ar\/news\/wp-json\/wp\/v2\/posts\/16372","targetHints":{"allow":["GET"]}}],"collection":[{"href":"https:\/\/www.crossprensa.com.ar\/news\/wp-json\/wp\/v2\/posts"}],"about":[{"href":"https:\/\/www.crossprensa.com.ar\/news\/wp-json\/wp\/v2\/types\/post"}],"author":[{"embeddable":true,"href":"https:\/\/www.crossprensa.com.ar\/news\/wp-json\/wp\/v2\/users\/2"}],"replies":[{"embeddable":true,"href":"https:\/\/www.crossprensa.com.ar\/news\/wp-json\/wp\/v2\/comments?post=16372"}],"version-history":[{"count":1,"href":"https:\/\/www.crossprensa.com.ar\/news\/wp-json\/wp\/v2\/posts\/16372\/revisions"}],"predecessor-version":[{"id":16374,"href":"https:\/\/www.crossprensa.com.ar\/news\/wp-json\/wp\/v2\/posts\/16372\/revisions\/16374"}],"wp:attachment":[{"href":"https:\/\/www.crossprensa.com.ar\/news\/wp-json\/wp\/v2\/media?parent=16372"}],"wp:term":[{"taxonomy":"category","embeddable":true,"href":"https:\/\/www.crossprensa.com.ar\/news\/wp-json\/wp\/v2\/categories?post=16372"},{"taxonomy":"post_tag","embeddable":true,"href":"https:\/\/www.crossprensa.com.ar\/news\/wp-json\/wp\/v2\/tags?post=16372"}],"curies":[{"name":"wp","href":"https:\/\/api.w.org\/{rel}","templated":true}]}}