{"id":16349,"date":"2015-11-22T11:30:11","date_gmt":"2015-11-22T14:30:11","guid":{"rendered":"http:\/\/www.crossprensa.com.ar\/news\/?p=16349"},"modified":"2015-11-22T11:30:11","modified_gmt":"2015-11-22T14:30:11","slug":"ferris-firma-con-cdr-yamaha","status":"publish","type":"post","link":"https:\/\/www.crossprensa.com.ar\/news\/ferris-firma-con-cdr-yamaha\/mx\/","title":{"rendered":"Ferris firma con CDR YAMAHA"},"content":{"rendered":"<p style=\"text-align: justify;\">Despu\u00e9s de tres a\u00f1os en\u00a0MXGP haciendo el mundial a trav\u00e9s de Europa y un a\u00f1o en los Estados Unidos, el \u00a0veterano (en carreras) de Australia Dean Ferris volver\u00e1 a casa en 2016 y correr\u00a0para la f\u00e1brica CDR Yamaha a bordo del poderoso YZF450<br \/>\n<!--more--><\/p>\n<p style=\"text-align: justify;\">Con 24 a\u00f1os de edad, la fortuna de volver a casa en Australia y un\u00a0equipo de motocross en el pa\u00eds de or\u00edgen despu\u00e9s de terminar \u00a0el campeonato \u00a0del mundo en un respetable 11mo lugar en una temporada llena de altibajos.<\/p>\n<p style=\"text-align: justify;\">Firm\u00f3 contrato para 2016 \u00a0y correr MX Nacionales, el Campeonato MX NZ (Nueva Zelanda, o sea va a correr contra Joaqu\u00edn Fern\u00e1ndez!) y el Campeonato de Supercross australiano, Ferris est\u00e1 impaciente por su regreso, no s\u00f3lo en Australia, sino tambi\u00e9n con la marca Yamaha, donde obtuvo sus mejores resultados en el pasado.<\/p>\n<p style=\"text-align: justify;\">&#8220;No puedo esperar para volver a casa y correr en Australia, una vez m\u00e1s,&#8221; <strong>dice Ferris.<\/strong> &#8220;Hice tres a\u00f1os en Europa y una temporada en los EE.UU. y, aunque disfrut\u00e9 cada momento de ella, no hay\u00a0nada como las carreras en Australia y viviendo en casa en Kyogle.<\/p>\n<p style=\"text-align: justify;\">&#8220;Trabajar con la Yamaha CDR y correr con la YZ450F es tan emocionante. Empec\u00e9 mi carrera profesional en Yamaha, en el marco del Programa de Desarrollo Juvenil de Yamaha en 2007 y luego tuve una gran temporada con Yamaha Dixon en Europa en 2013 y as\u00ed que me siento como si fuera un regreso a casa en todo sentido.&#8221;<\/p>\n<p style=\"text-align: justify;\">\n<p style=\"text-align: justify;\">&#8220;Dean tiene todas las cualidades que busco en un piloto&#8221;, <strong>dijo Dack.<\/strong> &#8220;\u00c9l tiene habilidades, es duro, tiene talento y determinaci\u00f3n para tener \u00e9xito casi a cualquier precio, y cuando llegamos a Dean era obvio que los dos est\u00e1bamos en la misma l\u00ednea con nuestros objetivos.<\/p>\n<p>&nbsp;<\/p>\n","protected":false},"excerpt":{"rendered":"<p>Despu\u00e9s de tres a\u00f1os en\u00a0MXGP haciendo el mundial a trav\u00e9s de Europa y un a\u00f1o&#8230;<\/p>\n","protected":false},"author":2,"featured_media":0,"comment_status":"open","ping_status":"open","sticky":false,"template":"","format":"standard","meta":{"om_disable_all_campaigns":false,"_monsterinsights_skip_tracking":false,"_monsterinsights_sitenote_active":false,"_monsterinsights_sitenote_note":"","_monsterinsights_sitenote_category":0,"_uf_show_specific_survey":0,"_uf_disable_surveys":false,"footnotes":""},"categories":[7,24],"tags":[6],"class_list":["post-16349","post","type-post","status-publish","format-standard","hentry","category-mx","category-mxgp","tag-text"],"aioseo_notices":[],"_links":{"self":[{"href":"https:\/\/www.crossprensa.com.ar\/news\/wp-json\/wp\/v2\/posts\/16349","targetHints":{"allow":["GET"]}}],"collection":[{"href":"https:\/\/www.crossprensa.com.ar\/news\/wp-json\/wp\/v2\/posts"}],"about":[{"href":"https:\/\/www.crossprensa.com.ar\/news\/wp-json\/wp\/v2\/types\/post"}],"author":[{"embeddable":true,"href":"https:\/\/www.crossprensa.com.ar\/news\/wp-json\/wp\/v2\/users\/2"}],"replies":[{"embeddable":true,"href":"https:\/\/www.crossprensa.com.ar\/news\/wp-json\/wp\/v2\/comments?post=16349"}],"version-history":[{"count":1,"href":"https:\/\/www.crossprensa.com.ar\/news\/wp-json\/wp\/v2\/posts\/16349\/revisions"}],"predecessor-version":[{"id":16351,"href":"https:\/\/www.crossprensa.com.ar\/news\/wp-json\/wp\/v2\/posts\/16349\/revisions\/16351"}],"wp:attachment":[{"href":"https:\/\/www.crossprensa.com.ar\/news\/wp-json\/wp\/v2\/media?parent=16349"}],"wp:term":[{"taxonomy":"category","embeddable":true,"href":"https:\/\/www.crossprensa.com.ar\/news\/wp-json\/wp\/v2\/categories?post=16349"},{"taxonomy":"post_tag","embeddable":true,"href":"https:\/\/www.crossprensa.com.ar\/news\/wp-json\/wp\/v2\/tags?post=16349"}],"curies":[{"name":"wp","href":"https:\/\/api.w.org\/{rel}","templated":true}]}}