{"id":16340,"date":"2015-11-21T04:46:25","date_gmt":"2015-11-21T07:46:25","guid":{"rendered":"http:\/\/www.crossprensa.com.ar\/news\/?p=16340"},"modified":"2015-11-21T04:46:25","modified_gmt":"2015-11-21T07:46:25","slug":"primicia-confirmada-reed-al-mundial-mxgp","status":"publish","type":"post","link":"https:\/\/www.crossprensa.com.ar\/news\/primicia-confirmada-reed-al-mundial-mxgp\/mx\/","title":{"rendered":"PRIMICIA CONFIRMADA. REED AL MUNDIAL MXGP"},"content":{"rendered":"<p style=\"text-align: justify;\">Tal y como se lo adelantamos hace bastante&#8230; y el rumor volvi\u00f3 a salir esta semana, Chad Reed estar\u00e1 corriendo el Mundial MXGP de Motocross en 2016. El piloto australiano ya lo confirm\u00f3, va a terminar donde empez\u00f3 pero de una forma especial. Porqu\u00e9 en una Suzuki la portada? Y no se&#8230; quiz\u00e1s es otra primicia.<\/p>\n<p><!--more--><\/p>\n<p id=\"tw-target-text\" class=\"tw-data-text vk_txt tw-ta tw-text-small\" dir=\"ltr\" style=\"text-align: justify;\" data-placeholder=\"Traducci\u00f3n\"><span lang=\"es\">Chad Reed en su juego de acertijos, y tirar palabras claves o jugar con la espectativa de los fan\u00e1ticos, siempre da a entender algo que al final se termina confirmando. Adem\u00e1s, nuestros informantes nos lo hab\u00edan contado por all\u00e1 por el mes de Julio y hoy se confirma. Adem\u00e1s, parece que va a correr el Gran Premio de Gran Breta\u00f1a y el Gran Premio de Italia, posiblemente las carreras\u00a0en Trentino y Mantua, pero qui\u00e9n sabe en este momento? Si aparecen los sponsors para el a\u00f1o entero lo veremos en Argentina.<\/span><\/p>\n<p class=\"tw-data-text vk_txt tw-ta tw-text-small\" dir=\"ltr\" style=\"text-align: justify;\" data-placeholder=\"Traducci\u00f3n\"><span lang=\"es\">Por lo que sabemos de manera fehaciente, va a elegir carreras\u00a0en Am\u00e9rica y Europa, pero no lo confirm\u00f3 a\u00fan. Sin sponsor para\u00a02016 parece que Reed volver\u00e1 a financiar su temporada (Por ahora, creo que ALGO va a aparecer), y seleccionar las\u00a0carreras\u00a0que quiere competir. En su cuenta de Twitter \u00e9l mencion\u00f3 que quiere correr los GPs\u00a0\u00a0brit\u00e1nico e italianos. Incluso podr\u00eda hacer m\u00e1s de dos. &#8220;No es un\u00a0campeonato entero de\u00a0MXGP pero voy a correr unos pocos, m\u00ednimo dos\u00a0carreras. La planificaci\u00f3n temprana me parece mejor, y se ajusta bien a los GP de Gran Breta\u00f1a e Italia &#8220;.<\/span><\/p>\n<p class=\"tw-data-text vk_txt tw-ta tw-text-small\" dir=\"ltr\" style=\"text-align: justify;\" data-placeholder=\"Traducci\u00f3n\"><span lang=\"es\">Por su lado el ex Campe\u00f3n del Mundo de MX2 Jeffrey Herlings respondi\u00f3 el tweet\u00a0diciendo. &#8220;Ven a correr\u00a0enla vieja arena holandesa conmigo bro! \u00a1Soy tu Gran admirador! Ser\u00eda bueno verte por aqu\u00ed en Europa &#8220;. A lo que\u00a0Reed respondi\u00f3. &#8220;\u00bfLa invitaci\u00f3n viene con lecciones? Reglas de arena! &#8221; Todo suena bien para algunas actuaciones especiales por el veterano australiano. Siempre bienvenido de vuelta en Europa, donde comenz\u00f3 su carrera internacional. Es muy poco probable Reed sea un candidato para ganar carreras, pero s\u00f3lo tenerlo involucrarlo ser\u00eda muy especial para MXGP.<\/span><\/p>\n<p class=\"tw-data-text vk_txt tw-ta tw-text-small\" dir=\"ltr\" style=\"text-align: justify;\" data-placeholder=\"Traducci\u00f3n\">4:44 de la madrugada del S\u00e1bado 21 de Noviembre. Crossprensa, te informa primero.<\/p>\n","protected":false},"excerpt":{"rendered":"<p>Tal y como se lo adelantamos hace bastante&#8230; y el rumor volvi\u00f3 a salir esta&#8230;<\/p>\n","protected":false},"author":2,"featured_media":16341,"comment_status":"open","ping_status":"open","sticky":false,"template":"","format":"standard","meta":{"om_disable_all_campaigns":false,"_monsterinsights_skip_tracking":false,"_monsterinsights_sitenote_active":false,"_monsterinsights_sitenote_note":"","_monsterinsights_sitenote_category":0,"_uf_show_specific_survey":0,"_uf_disable_surveys":false,"footnotes":""},"categories":[7,24],"tags":[5],"class_list":["post-16340","post","type-post","status-publish","format-standard","has-post-thumbnail","hentry","category-mx","category-mxgp","tag-slice"],"aioseo_notices":[],"_links":{"self":[{"href":"https:\/\/www.crossprensa.com.ar\/news\/wp-json\/wp\/v2\/posts\/16340","targetHints":{"allow":["GET"]}}],"collection":[{"href":"https:\/\/www.crossprensa.com.ar\/news\/wp-json\/wp\/v2\/posts"}],"about":[{"href":"https:\/\/www.crossprensa.com.ar\/news\/wp-json\/wp\/v2\/types\/post"}],"author":[{"embeddable":true,"href":"https:\/\/www.crossprensa.com.ar\/news\/wp-json\/wp\/v2\/users\/2"}],"replies":[{"embeddable":true,"href":"https:\/\/www.crossprensa.com.ar\/news\/wp-json\/wp\/v2\/comments?post=16340"}],"version-history":[{"count":1,"href":"https:\/\/www.crossprensa.com.ar\/news\/wp-json\/wp\/v2\/posts\/16340\/revisions"}],"predecessor-version":[{"id":16342,"href":"https:\/\/www.crossprensa.com.ar\/news\/wp-json\/wp\/v2\/posts\/16340\/revisions\/16342"}],"wp:featuredmedia":[{"embeddable":true,"href":"https:\/\/www.crossprensa.com.ar\/news\/wp-json\/wp\/v2\/media\/16341"}],"wp:attachment":[{"href":"https:\/\/www.crossprensa.com.ar\/news\/wp-json\/wp\/v2\/media?parent=16340"}],"wp:term":[{"taxonomy":"category","embeddable":true,"href":"https:\/\/www.crossprensa.com.ar\/news\/wp-json\/wp\/v2\/categories?post=16340"},{"taxonomy":"post_tag","embeddable":true,"href":"https:\/\/www.crossprensa.com.ar\/news\/wp-json\/wp\/v2\/tags?post=16340"}],"curies":[{"name":"wp","href":"https:\/\/api.w.org\/{rel}","templated":true}]}}