{"id":16295,"date":"2015-11-18T13:57:53","date_gmt":"2015-11-18T16:57:53","guid":{"rendered":"http:\/\/www.crossprensa.com.ar\/news\/?p=16295"},"modified":"2015-11-18T13:57:53","modified_gmt":"2015-11-18T16:57:53","slug":"van-beveren-presente-en-el-dakar","status":"publish","type":"post","link":"https:\/\/www.crossprensa.com.ar\/news\/van-beveren-presente-en-el-dakar\/dakar\/","title":{"rendered":"Van Beveren presente en el Dakar."},"content":{"rendered":"<p style=\"text-align: justify;\">Fue esta otra de las primicias de Crossprensa: Adrien Van Beveren correr\u00eda el Dakar. Se los contamos a principio de a\u00f1o y estuvo todo 2015 ocupado en ponerse el mismo a punto sobre la moto. Adrien es un amigo de Crossprensa hace a\u00f1os y por obvias razones contamos lo que podemos pero siempre con la mejor onda del veloz piloto franc\u00e9s.<\/p>\n<p style=\"text-align: justify;\">Este Dakar pr\u00f3ximo compartir\u00e1 equipo con el portugu\u00e9s Helder Rodr\u00edgues y su coterr\u00e1neo Xavier de Soultrait. Y obviamente, ser\u00e1 nota por Crossprensa!<\/p>\n<p><!--more--><\/p>\n","protected":false},"excerpt":{"rendered":"<p>Fue esta otra de las primicias de Crossprensa: Adrien Van Beveren correr\u00eda el Dakar. Se&#8230;<\/p>\n","protected":false},"author":2,"featured_media":0,"comment_status":"open","ping_status":"open","sticky":false,"template":"","format":"standard","meta":{"om_disable_all_campaigns":false,"_monsterinsights_skip_tracking":false,"_monsterinsights_sitenote_active":false,"_monsterinsights_sitenote_note":"","_monsterinsights_sitenote_category":0,"_uf_show_specific_survey":0,"_uf_disable_surveys":false,"footnotes":""},"categories":[11],"tags":[6],"class_list":["post-16295","post","type-post","status-publish","format-standard","hentry","category-dakar","tag-text"],"aioseo_notices":[],"_links":{"self":[{"href":"https:\/\/www.crossprensa.com.ar\/news\/wp-json\/wp\/v2\/posts\/16295","targetHints":{"allow":["GET"]}}],"collection":[{"href":"https:\/\/www.crossprensa.com.ar\/news\/wp-json\/wp\/v2\/posts"}],"about":[{"href":"https:\/\/www.crossprensa.com.ar\/news\/wp-json\/wp\/v2\/types\/post"}],"author":[{"embeddable":true,"href":"https:\/\/www.crossprensa.com.ar\/news\/wp-json\/wp\/v2\/users\/2"}],"replies":[{"embeddable":true,"href":"https:\/\/www.crossprensa.com.ar\/news\/wp-json\/wp\/v2\/comments?post=16295"}],"version-history":[{"count":1,"href":"https:\/\/www.crossprensa.com.ar\/news\/wp-json\/wp\/v2\/posts\/16295\/revisions"}],"predecessor-version":[{"id":16297,"href":"https:\/\/www.crossprensa.com.ar\/news\/wp-json\/wp\/v2\/posts\/16295\/revisions\/16297"}],"wp:attachment":[{"href":"https:\/\/www.crossprensa.com.ar\/news\/wp-json\/wp\/v2\/media?parent=16295"}],"wp:term":[{"taxonomy":"category","embeddable":true,"href":"https:\/\/www.crossprensa.com.ar\/news\/wp-json\/wp\/v2\/categories?post=16295"},{"taxonomy":"post_tag","embeddable":true,"href":"https:\/\/www.crossprensa.com.ar\/news\/wp-json\/wp\/v2\/tags?post=16295"}],"curies":[{"name":"wp","href":"https:\/\/api.w.org\/{rel}","templated":true}]}}