{"id":16284,"date":"2015-11-18T10:50:51","date_gmt":"2015-11-18T13:50:51","guid":{"rendered":"http:\/\/www.crossprensa.com.ar\/news\/?p=16284"},"modified":"2015-11-18T11:27:39","modified_gmt":"2015-11-18T14:27:39","slug":"dakar-2016-detalles","status":"publish","type":"post","link":"https:\/\/www.crossprensa.com.ar\/news\/dakar-2016-detalles\/dakar\/","title":{"rendered":"DAKAR 2016 &#8211; DETALLES"},"content":{"rendered":"<p style=\"text-align: justify;\">La cuenta atr\u00e1s para el Dakar 2016 est\u00e1 en marcha y volver\u00e1 a ser transmisi\u00f3n EN VIVO de Crossprensa! . En la ma\u00f1ana de hoy, el ASO ha celebrado el acto de presentaci\u00f3n oficial de la prueba en Par\u00eds, a pesar de la dif\u00edcil situaci\u00f3n que atraviesa la ciudad por la amenaza yihadista. En lo que hace a nuestros pilotos, para destacar nuestro anticipo de la vuelta de ambos hermanos Patronelli al Dakar, y Javier Pizzolitto que mantendr\u00e1 el nro. 22. En breve mas informaci\u00f3n de los Argentinos.<\/p>\n<p><!--more--><\/p>\n<p>A pesar de la crisis en la que est\u00e1 sumida Par\u00eds por los recientes atentados yihadistas,<strong>el ASO ha llevado a cabo la presentaci\u00f3n del Dakar 2016<\/strong>. El acto celebrado a las 10 de la ma\u00f1ana en el Espacio Pierre Cardin ha reunido a un gran n\u00famero de los pilotos y protagonistas que tomar\u00e1n parte del pr\u00f3ximo Dakar. Ettienne Lavigne y Marc Coma, en su nuevo rol de Director Deportivo, <strong>han anunciado algunas de las claves de la prueba<\/strong> que tendr\u00e1 lugar entre los d\u00edas 2 y 16 de enero de 2016 entre Argentina y Bolivia. La segunda semana ser\u00e1 clave.<\/p>\n<p><strong>La pr\u00f3xima edici\u00f3n del Dakar se ha reinventado<\/strong>. S\u00f3lo Argentina y Bolivia acogen la prueba, pero la dureza ser\u00e1 igual de alta. Los participantes recorrer\u00e1n 9.000 kil\u00f3metros en total y m\u00e1s de <strong>4.500 kil\u00f3metros de tramos cronometrados<\/strong> son el reto al que se tendr\u00e1n que enfrentar todos los participantes. Durante las 14 jornadas de carrera,<strong>habr\u00e1 una etapa marat\u00f3n<\/strong> y se estrenar\u00e1 un nuevo formato de salida en la etapa 10. Se disputar\u00e1 una suerte de &#8216;superespecial&#8217; en el seno de la etapa en la que saldr\u00e1n de manera alternativa 10 motos, 10 coches y 5 camiones.<\/p>\n<p>Durante este acto de presentaci\u00f3n, tambi\u00e9n se ha confirmado el n\u00famero de inscritos.<strong>En total 334 tripulaciones tomar\u00e1n parte del Dakar 2016<\/strong>. 143 participantes competir\u00e1n en la categor\u00eda de motos, 110 en coches, 55 en camiones y 46 quads. El n\u00famero de participantes total se fija en 556 personas, a lo que hay que sumar todo el equipo t\u00e9cnico y humano que rodea a la prueba. Entre los competidores hay<strong>representadas 60 nacionalidades<\/strong>, 7 m\u00e1s que en la edici\u00f3n de 2015.<\/p>\n<p><a href=\"http:\/\/www.crossprensa.com.ar\/news\/wp-content\/uploads\/2015\/11\/CUF9OS9XIAA0Srq.png\"><img fetchpriority=\"high\" decoding=\"async\" class=\"aligncenter size-full wp-image-16285\" src=\"http:\/\/www.crossprensa.com.ar\/news\/wp-content\/uploads\/2015\/11\/CUF9OS9XIAA0Srq.png\" alt=\"CUF9OS9XIAA0Srq\" width=\"599\" height=\"398\" \/><br \/>\n<\/a><\/p>\n","protected":false},"excerpt":{"rendered":"<p>La cuenta atr\u00e1s para el Dakar 2016 est\u00e1 en marcha y volver\u00e1 a ser transmisi\u00f3n&#8230;<\/p>\n","protected":false},"author":2,"featured_media":0,"comment_status":"open","ping_status":"open","sticky":false,"template":"","format":"standard","meta":{"om_disable_all_campaigns":false,"_monsterinsights_skip_tracking":false,"_monsterinsights_sitenote_active":false,"_monsterinsights_sitenote_note":"","_monsterinsights_sitenote_category":0,"_uf_show_specific_survey":0,"_uf_disable_surveys":false,"footnotes":""},"categories":[11,15],"tags":[5],"class_list":["post-16284","post","type-post","status-publish","format-standard","hentry","category-dakar","category-rally","tag-slice"],"aioseo_notices":[],"_links":{"self":[{"href":"https:\/\/www.crossprensa.com.ar\/news\/wp-json\/wp\/v2\/posts\/16284","targetHints":{"allow":["GET"]}}],"collection":[{"href":"https:\/\/www.crossprensa.com.ar\/news\/wp-json\/wp\/v2\/posts"}],"about":[{"href":"https:\/\/www.crossprensa.com.ar\/news\/wp-json\/wp\/v2\/types\/post"}],"author":[{"embeddable":true,"href":"https:\/\/www.crossprensa.com.ar\/news\/wp-json\/wp\/v2\/users\/2"}],"replies":[{"embeddable":true,"href":"https:\/\/www.crossprensa.com.ar\/news\/wp-json\/wp\/v2\/comments?post=16284"}],"version-history":[{"count":3,"href":"https:\/\/www.crossprensa.com.ar\/news\/wp-json\/wp\/v2\/posts\/16284\/revisions"}],"predecessor-version":[{"id":16289,"href":"https:\/\/www.crossprensa.com.ar\/news\/wp-json\/wp\/v2\/posts\/16284\/revisions\/16289"}],"wp:attachment":[{"href":"https:\/\/www.crossprensa.com.ar\/news\/wp-json\/wp\/v2\/media?parent=16284"}],"wp:term":[{"taxonomy":"category","embeddable":true,"href":"https:\/\/www.crossprensa.com.ar\/news\/wp-json\/wp\/v2\/categories?post=16284"},{"taxonomy":"post_tag","embeddable":true,"href":"https:\/\/www.crossprensa.com.ar\/news\/wp-json\/wp\/v2\/tags?post=16284"}],"curies":[{"name":"wp","href":"https:\/\/api.w.org\/{rel}","templated":true}]}}