{"id":16253,"date":"2015-11-16T18:29:22","date_gmt":"2015-11-16T21:29:22","guid":{"rendered":"http:\/\/www.crossprensa.com.ar\/news\/?p=16253"},"modified":"2015-11-16T18:29:22","modified_gmt":"2015-11-16T21:29:22","slug":"tim-gajser-en-mxgp","status":"publish","type":"post","link":"https:\/\/www.crossprensa.com.ar\/news\/tim-gajser-en-mxgp\/mxgp\/","title":{"rendered":"Tim Gajser en MXGP"},"content":{"rendered":"<p>El campe\u00f3n del mundo de MX2 de 2015 inform\u00f3 hoy que en 2016 har\u00e1 el salto a la categor\u00eda mayor del Campeonato Mundial de Motocross. Esto se anunci\u00f3 hoy en Mil\u00e1n (Italia) en una presentaci\u00f3n oficial de la marca Honda para presentar a todos sus pilotos de MotoGP, Dakar y Motocross.<\/p>\n<p><!--more--><\/p>\n<p><span class=\"text_exposed_show\">El piloto sloveno de 19 a\u00f1os de edad, va a permanecer dentro de la estructura del Team Honda Gariboldi con sede en Italia.<br \/>\n<\/span><\/p>\n<blockquote>\n<h5>&#8220;Es un nuevo comienzo, una nueva categor\u00eda, y algo nuevo para todos nosotros en el equipo, as\u00ed que para la primera temporada no hay presi\u00f3n y simplemente voy a tratar de hacer lo mejor posible. S\u00f3lo quiero tratar de hacer\u00a0un poco de experiencia, as\u00ed que voy a aprender todo del a\u00f1o, todo lo que sea posible en mi primera temporada y tratar\u00e9 de lograr algunos podios, pero sin ponerme bajo ninguna presi\u00f3n.&#8221; declar\u00f3 Gajser.<\/h5>\n<\/blockquote>\n","protected":false},"excerpt":{"rendered":"<p>El campe\u00f3n del mundo de MX2 de 2015 inform\u00f3 hoy que en 2016 har\u00e1 el&#8230;<\/p>\n","protected":false},"author":2,"featured_media":0,"comment_status":"open","ping_status":"open","sticky":false,"template":"","format":"standard","meta":{"om_disable_all_campaigns":false,"_monsterinsights_skip_tracking":false,"_monsterinsights_sitenote_active":false,"_monsterinsights_sitenote_note":"","_monsterinsights_sitenote_category":0,"_uf_show_specific_survey":0,"_uf_disable_surveys":false,"footnotes":""},"categories":[24],"tags":[6],"class_list":["post-16253","post","type-post","status-publish","format-standard","hentry","category-mxgp","tag-text"],"aioseo_notices":[],"_links":{"self":[{"href":"https:\/\/www.crossprensa.com.ar\/news\/wp-json\/wp\/v2\/posts\/16253","targetHints":{"allow":["GET"]}}],"collection":[{"href":"https:\/\/www.crossprensa.com.ar\/news\/wp-json\/wp\/v2\/posts"}],"about":[{"href":"https:\/\/www.crossprensa.com.ar\/news\/wp-json\/wp\/v2\/types\/post"}],"author":[{"embeddable":true,"href":"https:\/\/www.crossprensa.com.ar\/news\/wp-json\/wp\/v2\/users\/2"}],"replies":[{"embeddable":true,"href":"https:\/\/www.crossprensa.com.ar\/news\/wp-json\/wp\/v2\/comments?post=16253"}],"version-history":[{"count":1,"href":"https:\/\/www.crossprensa.com.ar\/news\/wp-json\/wp\/v2\/posts\/16253\/revisions"}],"predecessor-version":[{"id":16255,"href":"https:\/\/www.crossprensa.com.ar\/news\/wp-json\/wp\/v2\/posts\/16253\/revisions\/16255"}],"wp:attachment":[{"href":"https:\/\/www.crossprensa.com.ar\/news\/wp-json\/wp\/v2\/media?parent=16253"}],"wp:term":[{"taxonomy":"category","embeddable":true,"href":"https:\/\/www.crossprensa.com.ar\/news\/wp-json\/wp\/v2\/categories?post=16253"},{"taxonomy":"post_tag","embeddable":true,"href":"https:\/\/www.crossprensa.com.ar\/news\/wp-json\/wp\/v2\/tags?post=16253"}],"curies":[{"name":"wp","href":"https:\/\/api.w.org\/{rel}","templated":true}]}}