{"id":16087,"date":"2015-11-11T16:50:23","date_gmt":"2015-11-11T19:50:23","guid":{"rendered":"http:\/\/www.crossprensa.com.ar\/news\/?p=16087"},"modified":"2015-11-11T16:50:23","modified_gmt":"2015-11-11T19:50:23","slug":"husqvarna-pisa-fuerte-en-2016","status":"publish","type":"post","link":"https:\/\/www.crossprensa.com.ar\/news\/husqvarna-pisa-fuerte-en-2016\/mx\/","title":{"rendered":"Husqvarna pisa fuerte en 2016."},"content":{"rendered":"<p style=\"text-align: justify;\">Anstie, Covington, Charlier y m\u00e1s\u00a0pilotos se unen\u00a0a Husqvarna!<\/p>\n<p style=\"text-align: justify;\"><!--more--><\/p>\n<div class=\"article-full__content entry-content\">\n<p style=\"text-align: justify;\">Husqvarna Motorcycles se complace en anunciar sus piloto para el FIM Motocross World Championship 2016.<\/p>\n<p style=\"text-align: justify;\">Representado por Max Nagl, Christophe Charlier, Max Anstie y Thomas Covington, Husqvarna tiene sus miras puestas en llegar al escal\u00f3n m\u00e1s alto del podio en MXGP y MX2.<\/p>\n<p style=\"text-align: justify;\">El brit\u00e1nico Max Anstie y americano Thomas Covington formar\u00e1n equipo en MX2 con el Team de f\u00e1brica de Husqvarna gestionado por el experimentado Jacky Martens.<\/p>\n<p style=\"text-align: justify;\">Un piloto muy bienvenido a Husqvarna, Anstie &#8211; que cumpli\u00f3 22 en abril de este a\u00f1o &#8211; correr\u00e1 su \u00faltima temporada en la categor\u00eda MX2 en 2016. A pesar de tener un comienzo con poca suerte para su campa\u00f1a en MX2 este a\u00f1o, Anstie demostr\u00f3 ser \u00a0uno de los pilotos m\u00e1s fuertes y m\u00e1s r\u00e1pido durante la segunda mitad de la temporada sumando nueve victorias y termina el campeonato tercero en la general. Con 2.016 marcando su \u00faltima temporada de la categor\u00eda MX2, el piloto de Husqvarna estar\u00e1 acelerando\u00a0duro para terminar como campe\u00f3n del mundo.<\/p>\n<p style=\"text-align: justify;\">Junto a Max Anstie en MX2 estar\u00e1 el estadounidense Thomas Covington. Asegurar un debut con podio en la general \u00a0de MX2 en la pen\u00faltima fecha\u00a0en M\u00e9xico, Covington demostr\u00f3 ser un\u00a0piloto con un enorme potencial y seguro para ofrecer resultados prometedores en el a\u00f1o 2016.<\/p>\n<p style=\"text-align: justify;\">El equipo para MXGP oficial de f\u00e1brica de Husqvarna, gestionado por el experimentado Antti Pyrh\u00f6nen, tendr\u00e1 nuevamente al alem\u00e1n Max Nagl que luchar\u00e1 por el codiciado t\u00edtulo que ag\u00f3nicamente se le escap\u00f3 de las manos este a\u00f1o. Nagl fue el primer l\u00edder del campeonato 2015 hasta que una lesi\u00f3n en la d\u00e9cima fecha del a\u00f1o lo oblig\u00f3 a perderse cinco carreras. Al final qued\u00f3 6t0.\u00a0en la general con cinco victorias y varios podios, Nagl se centra en volver m\u00e1s fuerte y m\u00e1s r\u00e1pido.<\/p>\n<p style=\"text-align: justify;\">Franc\u00e9s Christophe Charlier se une Husqvarna para 2016. Una cara familiar en el paddock MXGP, el franc\u00e9s registr\u00f3 el mejor resultado MXGP de una temporada con un s\u00e9ptimo puesto en la tercera fecha en Argentina. Con el pleno apoyo de Husqvarna detr\u00e1s de \u00e9l Charlier buscar\u00e1 convertirse en uno de los fijos en el top 10 durante 2016.<\/p>\n<p style=\"text-align: justify;\">Para 2017 y 2018 Max Anstie se cambiar\u00e1 a MXGP y competir\u00e1 para el equipo MXGP de Husqvarna, gestionado por Antti Pyrh\u00f6nen.<\/p>\n<p style=\"text-align: justify;\">Conrad Mewse competir\u00e1 en el campeonato EMX 250 para el equipo MX2 oficial\u00a0Husqvarna. Y para fortalecer a\u00fan m\u00e1s el rol\u00a0de Husqvarna apoyando j\u00f3venes talentos, Mikkel Haarup competir\u00e1 en la clase 125 EMX dentro del equipo IceOne que comanda el ex piloto de F\u00f3rmula Uno <a title=\"Kimi R\u00e4ikk\u00f6nen\" href=\"https:\/\/en.wikipedia.org\/wiki\/Kimi_R%C3%A4ikk%C3%B6nen\">Kimi R\u00e4ikk\u00f6nen<\/a>\u00a0y tiene como director a un gran piloto de Enduro a nivel mundial, <a title=\"Kari Tiainen\" href=\"https:\/\/en.wikipedia.org\/wiki\/Kari_Tiainen\">Kari Tiainen<\/a>\u00a0.<\/p>\n<p style=\"text-align: justify;\">La primera primera fecha del Campeonato Mundial de\u00a0Motocross 2016 ser\u00e1\u00a0en Losail, Qatar, el 27 de febrero, y la vas a tener EN VIVO por Crossprensa. Te la vas a perder?<\/p>\n<p style=\"text-align: justify;\">\n<\/div>\n","protected":false},"excerpt":{"rendered":"<p>Anstie, Covington, Charlier y m\u00e1s\u00a0pilotos se unen\u00a0a Husqvarna!<\/p>\n","protected":false},"author":2,"featured_media":0,"comment_status":"open","ping_status":"open","sticky":false,"template":"","format":"standard","meta":{"om_disable_all_campaigns":false,"_monsterinsights_skip_tracking":false,"_monsterinsights_sitenote_active":false,"_monsterinsights_sitenote_note":"","_monsterinsights_sitenote_category":0,"_uf_show_specific_survey":0,"_uf_disable_surveys":false,"footnotes":""},"categories":[7,24],"tags":[5],"class_list":["post-16087","post","type-post","status-publish","format-standard","hentry","category-mx","category-mxgp","tag-slice"],"aioseo_notices":[],"_links":{"self":[{"href":"https:\/\/www.crossprensa.com.ar\/news\/wp-json\/wp\/v2\/posts\/16087","targetHints":{"allow":["GET"]}}],"collection":[{"href":"https:\/\/www.crossprensa.com.ar\/news\/wp-json\/wp\/v2\/posts"}],"about":[{"href":"https:\/\/www.crossprensa.com.ar\/news\/wp-json\/wp\/v2\/types\/post"}],"author":[{"embeddable":true,"href":"https:\/\/www.crossprensa.com.ar\/news\/wp-json\/wp\/v2\/users\/2"}],"replies":[{"embeddable":true,"href":"https:\/\/www.crossprensa.com.ar\/news\/wp-json\/wp\/v2\/comments?post=16087"}],"version-history":[{"count":1,"href":"https:\/\/www.crossprensa.com.ar\/news\/wp-json\/wp\/v2\/posts\/16087\/revisions"}],"predecessor-version":[{"id":16089,"href":"https:\/\/www.crossprensa.com.ar\/news\/wp-json\/wp\/v2\/posts\/16087\/revisions\/16089"}],"wp:attachment":[{"href":"https:\/\/www.crossprensa.com.ar\/news\/wp-json\/wp\/v2\/media?parent=16087"}],"wp:term":[{"taxonomy":"category","embeddable":true,"href":"https:\/\/www.crossprensa.com.ar\/news\/wp-json\/wp\/v2\/categories?post=16087"},{"taxonomy":"post_tag","embeddable":true,"href":"https:\/\/www.crossprensa.com.ar\/news\/wp-json\/wp\/v2\/tags?post=16087"}],"curies":[{"name":"wp","href":"https:\/\/api.w.org\/{rel}","templated":true}]}}