{"id":15974,"date":"2015-11-06T10:48:18","date_gmt":"2015-11-06T13:48:18","guid":{"rendered":"http:\/\/www.crossprensa.com.ar\/news\/?p=15974"},"modified":"2015-11-06T10:48:18","modified_gmt":"2015-11-06T13:48:18","slug":"mxgp-argentina-confirmado-firman-convenio","status":"publish","type":"post","link":"https:\/\/www.crossprensa.com.ar\/news\/mxgp-argentina-confirmado-firman-convenio\/mx\/","title":{"rendered":"MXGP ARGENTINA: Confirmado &#8211; Firman convenio."},"content":{"rendered":"<p style=\"text-align: justify;\">Ser\u00e1 el pr\u00f3ximo jueves en Villa la Angostura, acto del cual participar\u00e1 el ministro Leandro Bertoya por el gobierno de Neuqu\u00e9n. Tanto Naci\u00f3n como la Provincia aportar\u00e1n los fondos necesarios para asegurar la realizaci\u00f3n del evento el 10 de abril del 2016.<\/p>\n<p style=\"text-align: justify;\"><!--more--><\/p>\n<p style=\"text-align: justify;\">En conferencia de prensa, el ministro de Desarrollo Territorial, Leandro Bertoya, anunci\u00f3 que una edici\u00f3n del Mundial de Motocross 2016 se realizar\u00e1 en la provincia del Neuqu\u00e9n, espec\u00edficamente en Villa La Angostura. La fecha ser\u00eda el pr\u00f3ximo m10 de abril.<\/p>\n<p style=\"text-align: justify;\">El funcionario anunci\u00f3 adem\u00e1s que el pr\u00f3ximo jueves 12 de noviembre en Villa La Angostura se llevar\u00e1 cabo la firma de un acuerdo que contemplar\u00e1 la aceptaci\u00f3n de la propuesta que hace la Federaci\u00f3n Internacional de Motocross. El acto estar\u00e1 presidido por autoridades de Naci\u00f3n, Provincia y Municipio, quienes rubricar\u00e1n el acta correspondiente.<\/p>\n<p style=\"text-align: justify;\">Bertoya explic\u00f3 que la fecha se determinar\u00e1 en funci\u00f3n de los fines de semana largos donde no haya otros atractivos para poder atender la demanda en hoteler\u00eda y gastronom\u00eda. Adem\u00e1s se\u00f1al\u00f3 que es importante hacerlo as\u00ed porque \u201cel a\u00f1o anterior se cortaron 12 mil tickets de venta y se calcul\u00f3 que casi 20 mil personas estuvieron en la regi\u00f3n, se registr\u00f3 una ocupaci\u00f3n plena en Villa la Angostura, incluso se necesit\u00f3 de Bariloche y San Mart\u00edn de los Andes\u201d.<\/p>\n<p style=\"text-align: justify;\">Las transmisiones de esta competici\u00f3n llegan a m\u00e1s de 170 pa\u00edses, 1200 millones de televidentes. El circuito de Villa La Angostura fue elegido como el mejor de la temporada pasada a nivel mundial. Para tener en cuenta la magnitud del evento, Bertoya coment\u00f3 que ya recibieron comunicaciones desde Italia, a trav\u00e9s de los contactos tur\u00edsticos de Neuqu\u00e9nTur, para solicitar reservas para 350 personas en hoteler\u00eda con categor\u00eda de cuatro y cinco estrellas.<\/p>\n<p style=\"text-align: justify;\">El a\u00f1o pasado el desaf\u00edo fue el reconocimiento de la pista de motocross, si a los deportistas y a los fiscalizadores les gustaba, y finalmente fue premiada. En esta nueva edici\u00f3n el desaf\u00edo es contener a la cantidad de gente que estar\u00e1 en la zona para ir al mundial de motocross.<\/p>\n<p style=\"text-align: justify;\">Al ser consultado por la decisi\u00f3n de volver a realizar el mundial en la villa, el ministro dijo que el circuito tiene un valor superlativo, destac\u00f3 la organizaci\u00f3n y el lugar, y coment\u00f3 que los deportistas el a\u00f1o pasado le manifestaban que si se hac\u00eda nuevamente en la villa se vendr\u00edan una semana antes o se quedar\u00edan luego con sus familias a disfrutar el lugar.<\/p>\n<p style=\"text-align: justify;\">En cuanto a la organizaci\u00f3n del evento, Bertoya expres\u00f3 que \u201cla municipalidad de Villa La Angostura tendr\u00e1 un rol fundamental, la empresa Mas Eventos que tiene la exclusividad en Argentina es otro actor clave y, en cuanto al gobierno provincial, el gobernador Jorge Sapag decidi\u00f3 comenzar con todas las tareas para que la nueva gesti\u00f3n tenga todo en condiciones a fin de materializar la fecha\u201d.<\/p>\n<p style=\"text-align: justify;\">Fuente: laangosturadigital.com.ar<\/p>\n","protected":false},"excerpt":{"rendered":"<p>Ser\u00e1 el pr\u00f3ximo jueves en Villa la Angostura, acto del cual participar\u00e1 el ministro Leandro&#8230;<\/p>\n","protected":false},"author":2,"featured_media":15975,"comment_status":"open","ping_status":"open","sticky":false,"template":"","format":"standard","meta":{"om_disable_all_campaigns":false,"_monsterinsights_skip_tracking":false,"_monsterinsights_sitenote_active":false,"_monsterinsights_sitenote_note":"","_monsterinsights_sitenote_category":0,"_uf_show_specific_survey":0,"_uf_disable_surveys":false,"footnotes":""},"categories":[7,27,24],"tags":[5],"class_list":["post-15974","post","type-post","status-publish","format-standard","has-post-thumbnail","hentry","category-mx","category-mx-argentino","category-mxgp","tag-slice"],"aioseo_notices":[],"_links":{"self":[{"href":"https:\/\/www.crossprensa.com.ar\/news\/wp-json\/wp\/v2\/posts\/15974","targetHints":{"allow":["GET"]}}],"collection":[{"href":"https:\/\/www.crossprensa.com.ar\/news\/wp-json\/wp\/v2\/posts"}],"about":[{"href":"https:\/\/www.crossprensa.com.ar\/news\/wp-json\/wp\/v2\/types\/post"}],"author":[{"embeddable":true,"href":"https:\/\/www.crossprensa.com.ar\/news\/wp-json\/wp\/v2\/users\/2"}],"replies":[{"embeddable":true,"href":"https:\/\/www.crossprensa.com.ar\/news\/wp-json\/wp\/v2\/comments?post=15974"}],"version-history":[{"count":1,"href":"https:\/\/www.crossprensa.com.ar\/news\/wp-json\/wp\/v2\/posts\/15974\/revisions"}],"predecessor-version":[{"id":15976,"href":"https:\/\/www.crossprensa.com.ar\/news\/wp-json\/wp\/v2\/posts\/15974\/revisions\/15976"}],"wp:featuredmedia":[{"embeddable":true,"href":"https:\/\/www.crossprensa.com.ar\/news\/wp-json\/wp\/v2\/media\/15975"}],"wp:attachment":[{"href":"https:\/\/www.crossprensa.com.ar\/news\/wp-json\/wp\/v2\/media?parent=15974"}],"wp:term":[{"taxonomy":"category","embeddable":true,"href":"https:\/\/www.crossprensa.com.ar\/news\/wp-json\/wp\/v2\/categories?post=15974"},{"taxonomy":"post_tag","embeddable":true,"href":"https:\/\/www.crossprensa.com.ar\/news\/wp-json\/wp\/v2\/tags?post=15974"}],"curies":[{"name":"wp","href":"https:\/\/api.w.org\/{rel}","templated":true}]}}