{"id":15149,"date":"2015-09-29T14:59:08","date_gmt":"2015-09-29T17:59:08","guid":{"rendered":"http:\/\/www.crossprensa.com.ar\/news\/?p=15149"},"modified":"2015-09-29T23:31:25","modified_gmt":"2015-09-30T02:31:25","slug":"mxgp-el-espectaculo-crece-en-2016","status":"publish","type":"post","link":"https:\/\/www.crossprensa.com.ar\/news\/mxgp-el-espectaculo-crece-en-2016\/mxgp\/","title":{"rendered":"MXGP: El espect\u00e1culo crece en 2016."},"content":{"rendered":"<p style=\"text-align: justify;\">Despu\u00e9s de la celebraci\u00f3n de la 69na. edici\u00f3n del Motocross de las Naciones, la FIM y Youthstream se reunieron con los equipos y los fabricantes en un ambiente muy positivo para hacer un resumen de la temporada 2015 y discutir mejoras para el 2016.<\/p>\n<p style=\"text-align: justify;\"><!--more--><\/p>\n<p style=\"text-align: justify;\">Todos estuvieron de acuerdo que fue un excelente a\u00f1o para el &#8216;MXGP y todos compartieron su deseo de seguir trabajando juntos para seguir creciendo con \u00e9ste deporte. Giuseppe Luongo, Presidente de Youthstream, present\u00f3 un nuevo proyecto: &#8220;Riders and Manufactures Cup 2016&#8221; Un evento que se celebrar\u00e1 08 de octubre 2016 en el Veltins Arena, Alemania. Cada fabricante podr\u00e1 desplegar dos de sus mejores pilotos en MXGP y MX2. El concepto de la carrera ser\u00e1 muy similar a la MXoN, solo que en este caso los pilotos no competir\u00e1n por su pa\u00eds sino para la marca a la que pertenecen. La f\u00f3rmula de la carrera contar\u00e1 con tres mangas\u00a0con tres pilotos para el fabricante, el evento ser\u00e1 transmitido en todo el mundo por la cobertura televisiva igual a la del Campeonato del Mundo de Motocross. El apoyo financiero se le dar\u00e1 a los fabricantes participantes y un premio en dinero sorteado para los pilotos y los fabricantes. Este nuevo evento ser\u00e1 organizado y promovido por Youthstream bajo la visi\u00f3n de la FIM y en cooperaci\u00f3n con el ADAC (la Federaci\u00f3n Alemana) y la DMSB, el evento contar\u00e1 con la participaci\u00f3n de todas las marcas y todos los mejores pilotos del mundo de Motocross.<\/p>\n<p style=\"text-align: justify;\">Jess Arcuri Gadpen\/Crossprensa<\/p>\n","protected":false},"excerpt":{"rendered":"<p>Despu\u00e9s de la celebraci\u00f3n de la 69na. edici\u00f3n del Motocross de las Naciones, la FIM&#8230;<\/p>\n","protected":false},"author":2,"featured_media":0,"comment_status":"open","ping_status":"open","sticky":false,"template":"","format":"standard","meta":{"om_disable_all_campaigns":false,"_monsterinsights_skip_tracking":false,"_monsterinsights_sitenote_active":false,"_monsterinsights_sitenote_note":"","_monsterinsights_sitenote_category":0,"_uf_show_specific_survey":0,"_uf_disable_surveys":false,"footnotes":""},"categories":[24],"tags":[6],"class_list":["post-15149","post","type-post","status-publish","format-standard","hentry","category-mxgp","tag-text"],"aioseo_notices":[],"_links":{"self":[{"href":"https:\/\/www.crossprensa.com.ar\/news\/wp-json\/wp\/v2\/posts\/15149","targetHints":{"allow":["GET"]}}],"collection":[{"href":"https:\/\/www.crossprensa.com.ar\/news\/wp-json\/wp\/v2\/posts"}],"about":[{"href":"https:\/\/www.crossprensa.com.ar\/news\/wp-json\/wp\/v2\/types\/post"}],"author":[{"embeddable":true,"href":"https:\/\/www.crossprensa.com.ar\/news\/wp-json\/wp\/v2\/users\/2"}],"replies":[{"embeddable":true,"href":"https:\/\/www.crossprensa.com.ar\/news\/wp-json\/wp\/v2\/comments?post=15149"}],"version-history":[{"count":2,"href":"https:\/\/www.crossprensa.com.ar\/news\/wp-json\/wp\/v2\/posts\/15149\/revisions"}],"predecessor-version":[{"id":15151,"href":"https:\/\/www.crossprensa.com.ar\/news\/wp-json\/wp\/v2\/posts\/15149\/revisions\/15151"}],"wp:attachment":[{"href":"https:\/\/www.crossprensa.com.ar\/news\/wp-json\/wp\/v2\/media?parent=15149"}],"wp:term":[{"taxonomy":"category","embeddable":true,"href":"https:\/\/www.crossprensa.com.ar\/news\/wp-json\/wp\/v2\/categories?post=15149"},{"taxonomy":"post_tag","embeddable":true,"href":"https:\/\/www.crossprensa.com.ar\/news\/wp-json\/wp\/v2\/tags?post=15149"}],"curies":[{"name":"wp","href":"https:\/\/api.w.org\/{rel}","templated":true}]}}