{"id":14807,"date":"2015-09-23T06:54:20","date_gmt":"2015-09-23T09:54:20","guid":{"rendered":"http:\/\/www.crossprensa.com.ar\/news\/?p=14807"},"modified":"2015-09-23T06:54:20","modified_gmt":"2015-09-23T09:54:20","slug":"motocross-de-las-naciones-cobertura-exclusiva","status":"publish","type":"post","link":"https:\/\/www.crossprensa.com.ar\/news\/motocross-de-las-naciones-cobertura-exclusiva\/mxgp\/","title":{"rendered":"Motocross de Las Naciones, cobertura EXCLUSIVA."},"content":{"rendered":"<p style=\"text-align: justify;\">Francia recibir\u00e1 en pocos d\u00edas la carrera de Motocross que sin dudas es MAS MUNDIAL que ninguna y hablamos del Motocross de Las Naciones. Ern\u00e9e ser\u00e1 sede de esta confrontaci\u00f3n de 40 equipos que representan a la misma cantidad de paises y se dividir\u00e1 en las categor\u00edas MX2, OPEN y MXGP, \u00a0Les presentamos la pista en 3D y desde ya, les prometemos una cobertura de esas que a Uds. los apasionan&#8230; Se lo van a perder?<\/p>\n<p><!--more--><\/p>\n<p>https:\/\/youtube.com\/watch?v=q6b4xx0DzqM<\/p>\n","protected":false},"excerpt":{"rendered":"<p>Francia recibir\u00e1 en pocos d\u00edas la carrera de Motocross que sin dudas es MAS MUNDIAL&#8230;<\/p>\n","protected":false},"author":2,"featured_media":0,"comment_status":"open","ping_status":"open","sticky":false,"template":"","format":"standard","meta":{"om_disable_all_campaigns":false,"_monsterinsights_skip_tracking":false,"_monsterinsights_sitenote_active":false,"_monsterinsights_sitenote_note":"","_monsterinsights_sitenote_category":0,"_uf_show_specific_survey":0,"_uf_disable_surveys":false,"footnotes":""},"categories":[24],"tags":[6],"class_list":["post-14807","post","type-post","status-publish","format-standard","hentry","category-mxgp","tag-text"],"aioseo_notices":[],"_links":{"self":[{"href":"https:\/\/www.crossprensa.com.ar\/news\/wp-json\/wp\/v2\/posts\/14807","targetHints":{"allow":["GET"]}}],"collection":[{"href":"https:\/\/www.crossprensa.com.ar\/news\/wp-json\/wp\/v2\/posts"}],"about":[{"href":"https:\/\/www.crossprensa.com.ar\/news\/wp-json\/wp\/v2\/types\/post"}],"author":[{"embeddable":true,"href":"https:\/\/www.crossprensa.com.ar\/news\/wp-json\/wp\/v2\/users\/2"}],"replies":[{"embeddable":true,"href":"https:\/\/www.crossprensa.com.ar\/news\/wp-json\/wp\/v2\/comments?post=14807"}],"version-history":[{"count":1,"href":"https:\/\/www.crossprensa.com.ar\/news\/wp-json\/wp\/v2\/posts\/14807\/revisions"}],"predecessor-version":[{"id":14809,"href":"https:\/\/www.crossprensa.com.ar\/news\/wp-json\/wp\/v2\/posts\/14807\/revisions\/14809"}],"wp:attachment":[{"href":"https:\/\/www.crossprensa.com.ar\/news\/wp-json\/wp\/v2\/media?parent=14807"}],"wp:term":[{"taxonomy":"category","embeddable":true,"href":"https:\/\/www.crossprensa.com.ar\/news\/wp-json\/wp\/v2\/categories?post=14807"},{"taxonomy":"post_tag","embeddable":true,"href":"https:\/\/www.crossprensa.com.ar\/news\/wp-json\/wp\/v2\/tags?post=14807"}],"curies":[{"name":"wp","href":"https:\/\/api.w.org\/{rel}","templated":true}]}}