{"id":14739,"date":"2015-09-21T22:27:35","date_gmt":"2015-09-22T01:27:35","guid":{"rendered":"http:\/\/www.crossprensa.com.ar\/news\/?p=14739"},"modified":"2015-09-21T22:27:35","modified_gmt":"2015-09-22T01:27:35","slug":"mx-argentino-las-fotos-de-crossprensa","status":"publish","type":"post","link":"https:\/\/www.crossprensa.com.ar\/news\/mx-argentino-las-fotos-de-crossprensa\/mx\/","title":{"rendered":"MX ARGENTINO, las fotos de Crossprensa."},"content":{"rendered":"<p style=\"text-align: justify;\">Carlos Rodrigo ya es parte del inventario de Crossprensa. Trabaja mucho, cada vez mejor y es un amigo impecable adem\u00e1s! Pero con las fotos empez\u00f3 hace poco y cada carrera sorprende mas. Buen ojo, buenos momentos inmortalizados y una excelente calidad que pueden disfrutar en esta primera entrega.<\/p>\n<p style=\"text-align: justify;\">Te la vas a perder?<\/p>\n<p><!--more--><\/p>\n<h4>Jos\u00e9 Felipe&#8230; complicado fin de semana. En la primera manga el disco de freno delantero se arranca de los soportes. Nunca vi algo as\u00ed. Termina parando con hasta el c\u00e1liper suelto. En la 2da. manga, ven\u00eda primero hasta la ca\u00edda de Garrido. Se para con bandera roja, vuelven a largar y dos ca\u00eddas lo relegan. No pudo definir el campeonato.<\/h4>\n<p><a href=\"http:\/\/www.crossprensa.com.ar\/news\/wp-content\/uploads\/2015\/09\/11938780_1193070287375729_1651115918_n.jpg\"><img fetchpriority=\"high\" decoding=\"async\" class=\"aligncenter size-large wp-image-14740\" src=\"http:\/\/www.crossprensa.com.ar\/news\/wp-content\/uploads\/2015\/09\/11938780_1193070287375729_1651115918_n-598x400.jpg\" alt=\"11938780_1193070287375729_1651115918_n\" width=\"598\" height=\"400\" \/><\/a><\/p>\n<p>&nbsp;<\/p>\n<h4>Tom\u00e1s Moyano apunta a ser campe\u00f3n. Contundente, efectivo y ganando como sabe hacerlo. Sin perdonar el acelerador.<\/h4>\n<p><a href=\"http:\/\/www.crossprensa.com.ar\/news\/wp-content\/uploads\/2015\/09\/12021860_1193066134042811_904511488_n.jpg\"><img decoding=\"async\" class=\"aligncenter size-large wp-image-14741\" src=\"http:\/\/www.crossprensa.com.ar\/news\/wp-content\/uploads\/2015\/09\/12021860_1193066134042811_904511488_n-598x400.jpg\" alt=\"12021860_1193066134042811_904511488_n\" width=\"598\" height=\"400\" \/><\/a><\/p>\n<p>&nbsp;<\/p>\n<h4>Nicol\u00e1s Mana, falto de adaptaci\u00f3n al 4T, todav\u00eda se observan algunos vicios del 2T al que llevaba como los dioses y con el que logr\u00f3 el campeonato el a\u00f1o pasado, pero sin dudas que en 2016, va a dar ese salto de calidad leve que le falta para pelear por el #1.<\/h4>\n<p>&nbsp;<\/p>\n<p><a href=\"http:\/\/www.crossprensa.com.ar\/news\/wp-content\/uploads\/2015\/09\/12025492_1193067560709335_1837462409_n.jpg\"><img decoding=\"async\" class=\"aligncenter size-large wp-image-14743\" src=\"http:\/\/www.crossprensa.com.ar\/news\/wp-content\/uploads\/2015\/09\/12025492_1193067560709335_1837462409_n-598x400.jpg\" alt=\"12025492_1193067560709335_1837462409_n\" width=\"598\" height=\"400\" \/><\/a><\/p>\n<p>&nbsp;<\/p>\n<h4>Juan Pablo Luzzardi, no pudo concretar buenas actuaciones a pesar de que hizo lo que pudo dentro de un circuito en el que no se encontr\u00f3 a gusto. Como varios, un piso raro, demasiado virgen de carreras y que se puso duro.<\/h4>\n<p><a href=\"http:\/\/www.crossprensa.com.ar\/news\/wp-content\/uploads\/2015\/09\/12028973_1193067757375982_458152432_n.jpg\"><img loading=\"lazy\" decoding=\"async\" class=\"aligncenter size-large wp-image-14744\" src=\"http:\/\/www.crossprensa.com.ar\/news\/wp-content\/uploads\/2015\/09\/12028973_1193067757375982_458152432_n-598x400.jpg\" alt=\"12028973_1193067757375982_458152432_n\" width=\"598\" height=\"400\" \/><\/a><\/p>\n<p>&nbsp;<\/p>\n<h4>V\u00edctor Garrido. El piloto neuquino ven\u00eda muy fuerte, pero un golpe lo dej\u00f3 fuera de acci\u00f3n cuando estaba para hacer una excelente carrera. Nos preocup\u00f3 a todos, pero al final no fue tanto como se pens\u00f3.<\/h4>\n<p><a href=\"http:\/\/www.crossprensa.com.ar\/news\/wp-content\/uploads\/2015\/09\/12028973_1193068330709258_1437040299_n.jpg\"><img loading=\"lazy\" decoding=\"async\" class=\"aligncenter size-large wp-image-14745\" src=\"http:\/\/www.crossprensa.com.ar\/news\/wp-content\/uploads\/2015\/09\/12028973_1193068330709258_1437040299_n-598x400.jpg\" alt=\"12028973_1193068330709258_1437040299_n\" width=\"598\" height=\"400\" \/><\/a><\/p>\n<p>&nbsp;<\/p>\n<h4>Una carrera que tuvo la pista siempre llena de motos. El p\u00fablico la disfrut\u00f3 a pleno!!!<\/h4>\n<p><a href=\"http:\/\/www.crossprensa.com.ar\/news\/wp-content\/uploads\/2015\/09\/12029025_1193067174042707_1076853708_n.jpg\"><img loading=\"lazy\" decoding=\"async\" class=\"aligncenter size-large wp-image-14746\" src=\"http:\/\/www.crossprensa.com.ar\/news\/wp-content\/uploads\/2015\/09\/12029025_1193067174042707_1076853708_n-598x400.jpg\" alt=\"12029025_1193067174042707_1076853708_n\" width=\"598\" height=\"400\" \/><\/a><\/p>\n<p>&nbsp;<\/p>\n<p>&nbsp;<\/p>\n<h4>Benjam\u00edn Cassano #122 y Juli\u00e1n Seibel #75. Uno que se viene consagrando, el pampeano Seibel que dio c\u00e1tedra con la KTM 125. Cassano crece, en silencio sin grandes estridencias pero ya muestra las garras con la contundencia y el ritmo que tiene. Falta velocidad, moto tiene. OJO el a\u00f1o que viene&#8230;<\/h4>\n<p><a href=\"http:\/\/www.crossprensa.com.ar\/news\/wp-content\/uploads\/2015\/09\/12032499_1193066784042746_2002733005_n.jpg\"><img loading=\"lazy\" decoding=\"async\" class=\"aligncenter size-large wp-image-14748\" src=\"http:\/\/www.crossprensa.com.ar\/news\/wp-content\/uploads\/2015\/09\/12032499_1193066784042746_2002733005_n-598x400.jpg\" alt=\"12032499_1193066784042746_2002733005_n\" width=\"598\" height=\"400\" srcset=\"https:\/\/www.crossprensa.com.ar\/news\/wp-content\/uploads\/2015\/09\/12032499_1193066784042746_2002733005_n-598x400.jpg 598w, https:\/\/www.crossprensa.com.ar\/news\/wp-content\/uploads\/2015\/09\/12032499_1193066784042746_2002733005_n-300x201.jpg 300w, https:\/\/www.crossprensa.com.ar\/news\/wp-content\/uploads\/2015\/09\/12032499_1193066784042746_2002733005_n.jpg 620w\" sizes=\"(max-width: 598px) 100vw, 598px\" \/><\/a><\/p>\n<p>&nbsp;<\/p>\n<h4>Nico Cruz al piso, no pudo defender mas punto por el campeonato, lo pasa Bearzi que sorprendi\u00f3 con la garra y todo lo que pele\u00f3 en la punta. De verdad impecable! Moyano se mete atr\u00e1s del paranaense.<\/h4>\n<p><a href=\"http:\/\/www.crossprensa.com.ar\/news\/wp-content\/uploads\/2015\/09\/12032590_1193064864042938_1394705494_n.jpg\"><img loading=\"lazy\" decoding=\"async\" class=\"aligncenter size-large wp-image-14749\" src=\"http:\/\/www.crossprensa.com.ar\/news\/wp-content\/uploads\/2015\/09\/12032590_1193064864042938_1394705494_n-598x400.jpg\" alt=\"12032590_1193064864042938_1394705494_n\" width=\"598\" height=\"400\" srcset=\"https:\/\/www.crossprensa.com.ar\/news\/wp-content\/uploads\/2015\/09\/12032590_1193064864042938_1394705494_n-598x400.jpg 598w, https:\/\/www.crossprensa.com.ar\/news\/wp-content\/uploads\/2015\/09\/12032590_1193064864042938_1394705494_n-300x201.jpg 300w, https:\/\/www.crossprensa.com.ar\/news\/wp-content\/uploads\/2015\/09\/12032590_1193064864042938_1394705494_n.jpg 620w\" sizes=\"(max-width: 598px) 100vw, 598px\" \/><\/a><\/p>\n<p>&nbsp;<\/p>\n<h4>Marcos Trossero. Muy bien en clasificaci\u00f3n, gran trabajo en clasificaci\u00f3n y en carrera con un 5-5 pudo hacer algo muy bueno en comparaci\u00f3n a como ven\u00eda en competencias anteriores. El suegro vigilaba desde el cielo&#8230;<\/h4>\n<p><a href=\"http:\/\/www.crossprensa.com.ar\/news\/wp-content\/uploads\/2015\/09\/12033373_1193071457375612_149247718_n.jpg\"><img loading=\"lazy\" decoding=\"async\" class=\"aligncenter size-large wp-image-14750\" src=\"http:\/\/www.crossprensa.com.ar\/news\/wp-content\/uploads\/2015\/09\/12033373_1193071457375612_149247718_n-598x400.jpg\" alt=\"12033373_1193071457375612_149247718_n\" width=\"598\" height=\"400\" srcset=\"https:\/\/www.crossprensa.com.ar\/news\/wp-content\/uploads\/2015\/09\/12033373_1193071457375612_149247718_n-598x400.jpg 598w, https:\/\/www.crossprensa.com.ar\/news\/wp-content\/uploads\/2015\/09\/12033373_1193071457375612_149247718_n-300x201.jpg 300w, https:\/\/www.crossprensa.com.ar\/news\/wp-content\/uploads\/2015\/09\/12033373_1193071457375612_149247718_n.jpg 620w\" sizes=\"(max-width: 598px) 100vw, 598px\" \/><\/a><\/p>\n<p>&nbsp;<\/p>\n<h4>Joaqu\u00edn Poli \u00a0Que decir&#8230; Grand\u00edsima carrera ganando ambas mangas y qued\u00e1ndose con la punta del campeonato que se va a definir en la \u00faltima que es en&#8230;. NO SE. Pero la KTM que prepara Armando Lelli tiene todo como para que no existan dudas del arma que posee. Potente, contundente, con suspensiones excelente. El Santafesino puede ser campe\u00f3n por primera vez en la cat. mayor del campeonato Argentino.<\/h4>\n<p><a href=\"http:\/\/www.crossprensa.com.ar\/news\/wp-content\/uploads\/2015\/09\/12041852_1193042490711842_1709950864_n.jpg\"><img loading=\"lazy\" decoding=\"async\" class=\"aligncenter size-large wp-image-14751\" src=\"http:\/\/www.crossprensa.com.ar\/news\/wp-content\/uploads\/2015\/09\/12041852_1193042490711842_1709950864_n-598x400.jpg\" alt=\"12041852_1193042490711842_1709950864_n\" width=\"598\" height=\"400\" srcset=\"https:\/\/www.crossprensa.com.ar\/news\/wp-content\/uploads\/2015\/09\/12041852_1193042490711842_1709950864_n-598x400.jpg 598w, https:\/\/www.crossprensa.com.ar\/news\/wp-content\/uploads\/2015\/09\/12041852_1193042490711842_1709950864_n-300x201.jpg 300w, https:\/\/www.crossprensa.com.ar\/news\/wp-content\/uploads\/2015\/09\/12041852_1193042490711842_1709950864_n.jpg 620w\" sizes=\"(max-width: 598px) 100vw, 598px\" \/><\/a><\/p>\n<p>&nbsp;<\/p>\n<h4>Agustin Poli. Por segundo a\u00f1o se corona como campe\u00f3n de la MX2, con distinta moto pero la misma fuerza de siempre. Gran trabajo sin que nadie pudiese hacerle fuerza. Campe\u00f3n mas que merecido!<\/h4>\n<p><a href=\"http:\/\/www.crossprensa.com.ar\/news\/wp-content\/uploads\/2015\/09\/12042186_1193052350710856_480917115_n.jpg\"><img loading=\"lazy\" decoding=\"async\" class=\"aligncenter size-large wp-image-14752\" src=\"http:\/\/www.crossprensa.com.ar\/news\/wp-content\/uploads\/2015\/09\/12042186_1193052350710856_480917115_n-598x400.jpg\" alt=\"12042186_1193052350710856_480917115_n\" width=\"598\" height=\"400\" srcset=\"https:\/\/www.crossprensa.com.ar\/news\/wp-content\/uploads\/2015\/09\/12042186_1193052350710856_480917115_n-598x400.jpg 598w, https:\/\/www.crossprensa.com.ar\/news\/wp-content\/uploads\/2015\/09\/12042186_1193052350710856_480917115_n-300x201.jpg 300w, https:\/\/www.crossprensa.com.ar\/news\/wp-content\/uploads\/2015\/09\/12042186_1193052350710856_480917115_n.jpg 620w\" sizes=\"(max-width: 598px) 100vw, 598px\" \/><\/a><\/p>\n<p>&nbsp;<\/p>\n<h4>Felipe Ellis: Agradable verlo otra vez en pista al piloto bahiense luego de no estar durante muchas fechas, y recuperando su velocidad a nivel argentino con moto nueva. Ojala tenga la continuidad que necesita el deporte, de un gran piloto.<\/h4>\n<p><a href=\"http:\/\/www.crossprensa.com.ar\/news\/wp-content\/uploads\/2015\/09\/12042244_1193070054042419_1880012036_n.jpg\"><img loading=\"lazy\" decoding=\"async\" class=\"aligncenter size-large wp-image-14753\" src=\"http:\/\/www.crossprensa.com.ar\/news\/wp-content\/uploads\/2015\/09\/12042244_1193070054042419_1880012036_n-598x400.jpg\" alt=\"12042244_1193070054042419_1880012036_n\" width=\"598\" height=\"400\" srcset=\"https:\/\/www.crossprensa.com.ar\/news\/wp-content\/uploads\/2015\/09\/12042244_1193070054042419_1880012036_n-598x400.jpg 598w, https:\/\/www.crossprensa.com.ar\/news\/wp-content\/uploads\/2015\/09\/12042244_1193070054042419_1880012036_n-300x201.jpg 300w, https:\/\/www.crossprensa.com.ar\/news\/wp-content\/uploads\/2015\/09\/12042244_1193070054042419_1880012036_n.jpg 620w\" sizes=\"(max-width: 598px) 100vw, 598px\" \/><\/a><\/p>\n<p>&nbsp;<\/p>\n<h4>Se robaron los aplausos&#8230; #66 Juan Manuel Costa, #27 Demi\u00e1n Guiral, un CARRERON en la primera manga entre los dos, Guiral al frente, Costa que se vino desde atr\u00e1s. Y la pelearon muy bien y limpiamente!!! Costa define el campeonato con Freytes en la ultima.<\/h4>\n<p><a href=\"http:\/\/www.crossprensa.com.ar\/news\/wp-content\/uploads\/2015\/09\/12047481_1193062054043219_824382009_n.jpg\"><img loading=\"lazy\" decoding=\"async\" class=\"aligncenter size-large wp-image-14754\" src=\"http:\/\/www.crossprensa.com.ar\/news\/wp-content\/uploads\/2015\/09\/12047481_1193062054043219_824382009_n-598x400.jpg\" alt=\"12047481_1193062054043219_824382009_n\" width=\"598\" height=\"400\" srcset=\"https:\/\/www.crossprensa.com.ar\/news\/wp-content\/uploads\/2015\/09\/12047481_1193062054043219_824382009_n-598x400.jpg 598w, https:\/\/www.crossprensa.com.ar\/news\/wp-content\/uploads\/2015\/09\/12047481_1193062054043219_824382009_n-300x201.jpg 300w, https:\/\/www.crossprensa.com.ar\/news\/wp-content\/uploads\/2015\/09\/12047481_1193062054043219_824382009_n.jpg 620w\" sizes=\"(max-width: 598px) 100vw, 598px\" \/><\/a><\/p>\n<p>&nbsp;<\/p>\n<h4>Interminable Demi\u00e1n Villar. Otra vez adelante, otra vez en el podio&#8230; avanza y avanza. Con un estilo poco espectacular tiene una velocidad que asusta porque se viene con la moto casi sin hacer ruido pero te ejecuta en el menor descuido. Un ejemplo para muchos&#8230;!<\/h4>\n<p><a href=\"http:\/\/www.crossprensa.com.ar\/news\/wp-content\/uploads\/2015\/09\/12047667_1193081547374603_615256229_n.jpg\"><img loading=\"lazy\" decoding=\"async\" class=\"aligncenter size-large wp-image-14755\" src=\"http:\/\/www.crossprensa.com.ar\/news\/wp-content\/uploads\/2015\/09\/12047667_1193081547374603_615256229_n-598x400.jpg\" alt=\"12047667_1193081547374603_615256229_n\" width=\"598\" height=\"400\" srcset=\"https:\/\/www.crossprensa.com.ar\/news\/wp-content\/uploads\/2015\/09\/12047667_1193081547374603_615256229_n-598x400.jpg 598w, https:\/\/www.crossprensa.com.ar\/news\/wp-content\/uploads\/2015\/09\/12047667_1193081547374603_615256229_n-300x201.jpg 300w, https:\/\/www.crossprensa.com.ar\/news\/wp-content\/uploads\/2015\/09\/12047667_1193081547374603_615256229_n.jpg 620w\" sizes=\"(max-width: 598px) 100vw, 598px\" \/><\/a><\/p>\n<p>&nbsp;<\/p>\n<h4>Agust\u00edn Carrasco, otro de los perdidos con el piso. Nada que ver con lo que est\u00e1 acostumbrado.<\/h4>\n<p><a href=\"http:\/\/www.crossprensa.com.ar\/news\/wp-content\/uploads\/2015\/09\/12047720_1193073807375377_1180339852_n.jpg\"><img loading=\"lazy\" decoding=\"async\" class=\"aligncenter size-large wp-image-14756\" src=\"http:\/\/www.crossprensa.com.ar\/news\/wp-content\/uploads\/2015\/09\/12047720_1193073807375377_1180339852_n-598x400.jpg\" alt=\"12047720_1193073807375377_1180339852_n\" width=\"598\" height=\"400\" srcset=\"https:\/\/www.crossprensa.com.ar\/news\/wp-content\/uploads\/2015\/09\/12047720_1193073807375377_1180339852_n-598x400.jpg 598w, https:\/\/www.crossprensa.com.ar\/news\/wp-content\/uploads\/2015\/09\/12047720_1193073807375377_1180339852_n-300x201.jpg 300w, https:\/\/www.crossprensa.com.ar\/news\/wp-content\/uploads\/2015\/09\/12047720_1193073807375377_1180339852_n.jpg 620w\" sizes=\"(max-width: 598px) 100vw, 598px\" \/><\/a><\/p>\n<p>&nbsp;<\/p>\n<h4>Pedro Dest\u00e9fanis. Est\u00e1, est\u00e1 y ESTA. Siempre presente. De esas pasiones que no conocen l\u00edmites.<\/h4>\n<p><a href=\"http:\/\/www.crossprensa.com.ar\/news\/wp-content\/uploads\/2015\/09\/12048503_1193096410706450_269130312_n.jpg\"><img loading=\"lazy\" decoding=\"async\" class=\"aligncenter size-large wp-image-14757\" src=\"http:\/\/www.crossprensa.com.ar\/news\/wp-content\/uploads\/2015\/09\/12048503_1193096410706450_269130312_n-598x400.jpg\" alt=\"12048503_1193096410706450_269130312_n\" width=\"598\" height=\"400\" srcset=\"https:\/\/www.crossprensa.com.ar\/news\/wp-content\/uploads\/2015\/09\/12048503_1193096410706450_269130312_n-598x400.jpg 598w, https:\/\/www.crossprensa.com.ar\/news\/wp-content\/uploads\/2015\/09\/12048503_1193096410706450_269130312_n-300x201.jpg 300w, https:\/\/www.crossprensa.com.ar\/news\/wp-content\/uploads\/2015\/09\/12048503_1193096410706450_269130312_n.jpg 620w\" sizes=\"(max-width: 598px) 100vw, 598px\" \/><\/a><\/p>\n<p>&nbsp;<\/p>\n<h4>Marco Schmit. No estaba muy a gusto, no se sent\u00eda c\u00f3modo, pero meti\u00f3 podio con un excelente 3er. puesto.<\/h4>\n<p><a href=\"http:\/\/www.crossprensa.com.ar\/news\/wp-content\/uploads\/2015\/09\/12048510_1193045724044852_1212671040_n.jpg\"><img loading=\"lazy\" decoding=\"async\" class=\"aligncenter size-large wp-image-14758\" src=\"http:\/\/www.crossprensa.com.ar\/news\/wp-content\/uploads\/2015\/09\/12048510_1193045724044852_1212671040_n-598x400.jpg\" alt=\"12048510_1193045724044852_1212671040_n\" width=\"598\" height=\"400\" srcset=\"https:\/\/www.crossprensa.com.ar\/news\/wp-content\/uploads\/2015\/09\/12048510_1193045724044852_1212671040_n-598x400.jpg 598w, https:\/\/www.crossprensa.com.ar\/news\/wp-content\/uploads\/2015\/09\/12048510_1193045724044852_1212671040_n-300x201.jpg 300w, https:\/\/www.crossprensa.com.ar\/news\/wp-content\/uploads\/2015\/09\/12048510_1193045724044852_1212671040_n.jpg 620w\" sizes=\"(max-width: 598px) 100vw, 598px\" \/><\/a><\/p>\n<p>&nbsp;<\/p>\n<h4>Luzzardi y Sebasti\u00e1n S\u00e1nchez. El Piloto Pampeano la pele\u00f3 mientras pudo. Repuesto de la mala suerte de Catamarca hizo una buena cosecha de puntos.<\/h4>\n<p><a href=\"http:\/\/www.crossprensa.com.ar\/news\/wp-content\/uploads\/2015\/09\/12048524_1193048867377871_1276143411_n.jpg\"><img loading=\"lazy\" decoding=\"async\" class=\"aligncenter size-large wp-image-14759\" src=\"http:\/\/www.crossprensa.com.ar\/news\/wp-content\/uploads\/2015\/09\/12048524_1193048867377871_1276143411_n-598x400.jpg\" alt=\"12048524_1193048867377871_1276143411_n\" width=\"598\" height=\"400\" srcset=\"https:\/\/www.crossprensa.com.ar\/news\/wp-content\/uploads\/2015\/09\/12048524_1193048867377871_1276143411_n-598x400.jpg 598w, https:\/\/www.crossprensa.com.ar\/news\/wp-content\/uploads\/2015\/09\/12048524_1193048867377871_1276143411_n-300x201.jpg 300w, https:\/\/www.crossprensa.com.ar\/news\/wp-content\/uploads\/2015\/09\/12048524_1193048867377871_1276143411_n.jpg 620w\" sizes=\"(max-width: 598px) 100vw, 598px\" \/><\/a><\/p>\n","protected":false},"excerpt":{"rendered":"<p>Carlos Rodrigo ya es parte del inventario de Crossprensa. Trabaja mucho, cada vez mejor y&#8230;<\/p>\n","protected":false},"author":2,"featured_media":0,"comment_status":"open","ping_status":"open","sticky":false,"template":"","format":"standard","meta":{"om_disable_all_campaigns":false,"_monsterinsights_skip_tracking":false,"_monsterinsights_sitenote_active":false,"_monsterinsights_sitenote_note":"","_monsterinsights_sitenote_category":0,"_uf_show_specific_survey":0,"_uf_disable_surveys":false,"footnotes":""},"categories":[7,27],"tags":[5],"class_list":["post-14739","post","type-post","status-publish","format-standard","hentry","category-mx","category-mx-argentino","tag-slice"],"aioseo_notices":[],"_links":{"self":[{"href":"https:\/\/www.crossprensa.com.ar\/news\/wp-json\/wp\/v2\/posts\/14739","targetHints":{"allow":["GET"]}}],"collection":[{"href":"https:\/\/www.crossprensa.com.ar\/news\/wp-json\/wp\/v2\/posts"}],"about":[{"href":"https:\/\/www.crossprensa.com.ar\/news\/wp-json\/wp\/v2\/types\/post"}],"author":[{"embeddable":true,"href":"https:\/\/www.crossprensa.com.ar\/news\/wp-json\/wp\/v2\/users\/2"}],"replies":[{"embeddable":true,"href":"https:\/\/www.crossprensa.com.ar\/news\/wp-json\/wp\/v2\/comments?post=14739"}],"version-history":[{"count":1,"href":"https:\/\/www.crossprensa.com.ar\/news\/wp-json\/wp\/v2\/posts\/14739\/revisions"}],"predecessor-version":[{"id":14760,"href":"https:\/\/www.crossprensa.com.ar\/news\/wp-json\/wp\/v2\/posts\/14739\/revisions\/14760"}],"wp:attachment":[{"href":"https:\/\/www.crossprensa.com.ar\/news\/wp-json\/wp\/v2\/media?parent=14739"}],"wp:term":[{"taxonomy":"category","embeddable":true,"href":"https:\/\/www.crossprensa.com.ar\/news\/wp-json\/wp\/v2\/categories?post=14739"},{"taxonomy":"post_tag","embeddable":true,"href":"https:\/\/www.crossprensa.com.ar\/news\/wp-json\/wp\/v2\/tags?post=14739"}],"curies":[{"name":"wp","href":"https:\/\/api.w.org\/{rel}","templated":true}]}}