{"id":14694,"date":"2015-09-18T09:37:04","date_gmt":"2015-09-18T12:37:04","guid":{"rendered":"http:\/\/www.crossprensa.com.ar\/news\/?p=14694"},"modified":"2015-09-18T09:37:04","modified_gmt":"2015-09-18T12:37:04","slug":"vuelve-cairoli-en-glen-helen","status":"publish","type":"post","link":"https:\/\/www.crossprensa.com.ar\/news\/vuelve-cairoli-en-glen-helen\/mx\/","title":{"rendered":"VUELVE CAIROLI EN GLEN HELEN!"},"content":{"rendered":"<p style=\"text-align: justify;\">Se acaba de confirmar, que Tony Cairoli estar\u00e1 nuevamente sobre la KTM luego de 5 carreras ausente por su lesi\u00f3n en el brazo izquierdo.<!--more--><\/p>\n<p style=\"text-align: justify;\">Cairoli est\u00e1 de vuelta en pista y lo hace en la \u00faltima del a\u00f1o en USA. Ma\u00f1ana estar\u00e1 entrenando sobre la KTM oficial y clasificando. Lo que no se entiende es que si est\u00e1 a punto f\u00edsicamente para estar en Glen Helen no est\u00e9 dos semanas despu\u00e9s en Francia en el Motocross de Las Naciones represetando a su pa\u00eds&#8230;<\/p>\n<p style=\"text-align: justify;\">Estaremos en contacto con el 8 veces campe\u00f3n del Mundo y con Lorenzo Resta, su representante de prensa para enterarnos de mas. Solo en Crossprensa&#8230; te lo vas a perder?<\/p>\n","protected":false},"excerpt":{"rendered":"<p>Se acaba de confirmar, que Tony Cairoli estar\u00e1 nuevamente sobre la KTM luego de 5&#8230;<\/p>\n","protected":false},"author":2,"featured_media":0,"comment_status":"open","ping_status":"open","sticky":false,"template":"","format":"standard","meta":{"om_disable_all_campaigns":false,"_monsterinsights_skip_tracking":false,"_monsterinsights_sitenote_active":false,"_monsterinsights_sitenote_note":"","_monsterinsights_sitenote_category":0,"_uf_show_specific_survey":0,"_uf_disable_surveys":false,"footnotes":""},"categories":[7,24],"tags":[5],"class_list":["post-14694","post","type-post","status-publish","format-standard","hentry","category-mx","category-mxgp","tag-slice"],"aioseo_notices":[],"_links":{"self":[{"href":"https:\/\/www.crossprensa.com.ar\/news\/wp-json\/wp\/v2\/posts\/14694","targetHints":{"allow":["GET"]}}],"collection":[{"href":"https:\/\/www.crossprensa.com.ar\/news\/wp-json\/wp\/v2\/posts"}],"about":[{"href":"https:\/\/www.crossprensa.com.ar\/news\/wp-json\/wp\/v2\/types\/post"}],"author":[{"embeddable":true,"href":"https:\/\/www.crossprensa.com.ar\/news\/wp-json\/wp\/v2\/users\/2"}],"replies":[{"embeddable":true,"href":"https:\/\/www.crossprensa.com.ar\/news\/wp-json\/wp\/v2\/comments?post=14694"}],"version-history":[{"count":1,"href":"https:\/\/www.crossprensa.com.ar\/news\/wp-json\/wp\/v2\/posts\/14694\/revisions"}],"predecessor-version":[{"id":14696,"href":"https:\/\/www.crossprensa.com.ar\/news\/wp-json\/wp\/v2\/posts\/14694\/revisions\/14696"}],"wp:attachment":[{"href":"https:\/\/www.crossprensa.com.ar\/news\/wp-json\/wp\/v2\/media?parent=14694"}],"wp:term":[{"taxonomy":"category","embeddable":true,"href":"https:\/\/www.crossprensa.com.ar\/news\/wp-json\/wp\/v2\/categories?post=14694"},{"taxonomy":"post_tag","embeddable":true,"href":"https:\/\/www.crossprensa.com.ar\/news\/wp-json\/wp\/v2\/tags?post=14694"}],"curies":[{"name":"wp","href":"https:\/\/api.w.org\/{rel}","templated":true}]}}