{"id":14680,"date":"2015-09-17T23:53:21","date_gmt":"2015-09-18T02:53:21","guid":{"rendered":"http:\/\/www.crossprensa.com.ar\/news\/?p=14680"},"modified":"2015-09-18T01:31:30","modified_gmt":"2015-09-18T04:31:30","slug":"kriger-entreno-en-usa","status":"publish","type":"post","link":"https:\/\/www.crossprensa.com.ar\/news\/kriger-entreno-en-usa\/mx\/","title":{"rendered":"Kriger entren\u00f3 en USA."},"content":{"rendered":"<p style=\"text-align: justify;\">Milestone fue el escenario del entrenamiento de hoy del piloto argentino que tendr\u00e1 su 3ra. participaci\u00f3n mundialista de 2015, y en Crossprensa ten\u00e9s todas las fotos!<\/p>\n<p style=\"text-align: justify;\">Termin\u00f3 hace una hora este entrenamiento y ya est\u00e1 descansando para lo que se viene que ser\u00e1 transmisi\u00f3n EN VIVO de Crossprensa. Te lo vas a perder?<\/p>\n<p><!--more--><\/p>\n<p><a href=\"http:\/\/www.crossprensa.com.ar\/news\/wp-content\/uploads\/2015\/09\/20150917175729-1.jpg\"><img fetchpriority=\"high\" decoding=\"async\" class=\"aligncenter size-large wp-image-14681\" src=\"http:\/\/www.crossprensa.com.ar\/news\/wp-content\/uploads\/2015\/09\/20150917175729-1-400x400.jpg\" alt=\"20150917175729 (1)\" width=\"400\" height=\"400\" \/><\/a><\/p>\n<p><a href=\"http:\/\/www.crossprensa.com.ar\/news\/wp-content\/uploads\/2015\/09\/20150917175821.jpg\"><img decoding=\"async\" class=\"aligncenter size-large wp-image-14683\" src=\"http:\/\/www.crossprensa.com.ar\/news\/wp-content\/uploads\/2015\/09\/20150917175821-400x400.jpg\" alt=\"20150917175821\" width=\"400\" height=\"400\" \/><\/a><\/p>\n<p><a href=\"http:\/\/www.crossprensa.com.ar\/news\/wp-content\/uploads\/2015\/09\/20150917180024.jpg\"><img decoding=\"async\" class=\"aligncenter size-large wp-image-14684\" src=\"http:\/\/www.crossprensa.com.ar\/news\/wp-content\/uploads\/2015\/09\/20150917180024-400x400.jpg\" alt=\"20150917180024\" width=\"400\" height=\"400\" \/><\/a><\/p>\n<p>&nbsp;<\/p>\n<p><a href=\"http:\/\/www.crossprensa.com.ar\/news\/wp-content\/uploads\/2015\/09\/20150917185104.jpg\"><img loading=\"lazy\" decoding=\"async\" class=\"aligncenter size-large wp-image-14690\" src=\"http:\/\/www.crossprensa.com.ar\/news\/wp-content\/uploads\/2015\/09\/20150917185104-620x349.jpg\" alt=\"20150917185104\" width=\"620\" height=\"349\" \/><\/a><\/p>\n<p><a href=\"http:\/\/www.crossprensa.com.ar\/news\/wp-content\/uploads\/2015\/09\/20150917185103.jpg\"><img loading=\"lazy\" decoding=\"async\" class=\"aligncenter size-large wp-image-14689\" src=\"http:\/\/www.crossprensa.com.ar\/news\/wp-content\/uploads\/2015\/09\/20150917185103-620x349.jpg\" alt=\"20150917185103\" width=\"620\" height=\"349\" \/><\/a><\/p>\n<p><a href=\"http:\/\/www.crossprensa.com.ar\/news\/wp-content\/uploads\/2015\/09\/20150917185103-3.jpg\"><img loading=\"lazy\" decoding=\"async\" class=\"aligncenter size-large wp-image-14688\" src=\"http:\/\/www.crossprensa.com.ar\/news\/wp-content\/uploads\/2015\/09\/20150917185103-3-620x349.jpg\" alt=\"20150917185103 (3)\" width=\"620\" height=\"349\" \/><\/a><\/p>\n<p><a href=\"http:\/\/www.crossprensa.com.ar\/news\/wp-content\/uploads\/2015\/09\/20150917185103-2.jpg\"><img loading=\"lazy\" decoding=\"async\" class=\"aligncenter size-large wp-image-14687\" src=\"http:\/\/www.crossprensa.com.ar\/news\/wp-content\/uploads\/2015\/09\/20150917185103-2-620x349.jpg\" alt=\"20150917185103 (2)\" width=\"620\" height=\"349\" \/><\/a><\/p>\n<p><a href=\"http:\/\/www.crossprensa.com.ar\/news\/wp-content\/uploads\/2015\/09\/20150917185103-1.jpg\"><img loading=\"lazy\" decoding=\"async\" class=\"aligncenter size-large wp-image-14686\" src=\"http:\/\/www.crossprensa.com.ar\/news\/wp-content\/uploads\/2015\/09\/20150917185103-1-620x349.jpg\" alt=\"20150917185103 (1)\" width=\"620\" height=\"349\" \/><\/a><\/p>\n<p>&nbsp;<\/p>\n<p><a href=\"http:\/\/www.crossprensa.com.ar\/news\/wp-content\/uploads\/2015\/09\/10357824_558731024244886_6172083679079357891_n.png\"><img loading=\"lazy\" decoding=\"async\" class=\"aligncenter  wp-image-14601\" src=\"http:\/\/www.crossprensa.com.ar\/news\/wp-content\/uploads\/2015\/09\/10357824_558731024244886_6172083679079357891_n-566x400.png\" alt=\"10357824_558731024244886_6172083679079357891_n\" width=\"627\" height=\"443\" \/><\/a><\/p>\n","protected":false},"excerpt":{"rendered":"<p>Milestone fue el escenario del entrenamiento de hoy del piloto argentino que tendr\u00e1 su 3ra&#8230;.<\/p>\n","protected":false},"author":2,"featured_media":0,"comment_status":"open","ping_status":"open","sticky":false,"template":"","format":"standard","meta":{"om_disable_all_campaigns":false,"_monsterinsights_skip_tracking":false,"_monsterinsights_sitenote_active":false,"_monsterinsights_sitenote_note":"","_monsterinsights_sitenote_category":0,"_uf_show_specific_survey":0,"_uf_disable_surveys":false,"footnotes":""},"categories":[7,27,24],"tags":[5],"class_list":["post-14680","post","type-post","status-publish","format-standard","hentry","category-mx","category-mx-argentino","category-mxgp","tag-slice"],"aioseo_notices":[],"_links":{"self":[{"href":"https:\/\/www.crossprensa.com.ar\/news\/wp-json\/wp\/v2\/posts\/14680","targetHints":{"allow":["GET"]}}],"collection":[{"href":"https:\/\/www.crossprensa.com.ar\/news\/wp-json\/wp\/v2\/posts"}],"about":[{"href":"https:\/\/www.crossprensa.com.ar\/news\/wp-json\/wp\/v2\/types\/post"}],"author":[{"embeddable":true,"href":"https:\/\/www.crossprensa.com.ar\/news\/wp-json\/wp\/v2\/users\/2"}],"replies":[{"embeddable":true,"href":"https:\/\/www.crossprensa.com.ar\/news\/wp-json\/wp\/v2\/comments?post=14680"}],"version-history":[{"count":3,"href":"https:\/\/www.crossprensa.com.ar\/news\/wp-json\/wp\/v2\/posts\/14680\/revisions"}],"predecessor-version":[{"id":14693,"href":"https:\/\/www.crossprensa.com.ar\/news\/wp-json\/wp\/v2\/posts\/14680\/revisions\/14693"}],"wp:attachment":[{"href":"https:\/\/www.crossprensa.com.ar\/news\/wp-json\/wp\/v2\/media?parent=14680"}],"wp:term":[{"taxonomy":"category","embeddable":true,"href":"https:\/\/www.crossprensa.com.ar\/news\/wp-json\/wp\/v2\/categories?post=14680"},{"taxonomy":"post_tag","embeddable":true,"href":"https:\/\/www.crossprensa.com.ar\/news\/wp-json\/wp\/v2\/tags?post=14680"}],"curies":[{"name":"wp","href":"https:\/\/api.w.org\/{rel}","templated":true}]}}