{"id":14263,"date":"2015-09-03T21:46:11","date_gmt":"2015-09-04T00:46:11","guid":{"rendered":"http:\/\/www.crossprensa.com.ar\/news\/?p=14263"},"modified":"2015-09-03T21:46:11","modified_gmt":"2015-09-04T00:46:11","slug":"nahuel-kriger-perdon","status":"publish","type":"post","link":"https:\/\/www.crossprensa.com.ar\/news\/nahuel-kriger-perdon\/sin-categoria\/","title":{"rendered":"Nahuel Kriger, Perd\u00f3n."},"content":{"rendered":"<p style=\"text-align: justify;\">Esper\u00e9 este momento para escribirle a Nahuel y pedir disculpas. Todos saben que nos une una amistad con el y su familia, pero si toca pedir perd\u00f3n no se nos cae ninguna corona. Y voy a explicar porqu\u00e9.<\/p>\n<p style=\"text-align: justify;\"><!--more--><\/p>\n<p style=\"text-align: justify;\">Creo que fui el primero en enterarme de que se iba a correr el Mundial, y sin dudas lo de Per\u00fa porque la gente amiga de Apecuse habl\u00f3 conmigo.<\/p>\n<p style=\"text-align: justify;\">Pero la verdad&#8230; ten\u00eda la vena inflamada y me conocen cuando me pasan estas cosas. No me callo nada.<\/p>\n<p style=\"text-align: justify;\">De lo que me arrepiento es de haber pensado que hab\u00eda hablado con gente seria. Le promet\u00ed a Rub\u00e9n (el pap\u00e1 de Nahuel) darle una mano&#8230; No pude. Una vez mas pisoteadas las ilusiones, perder tiempo y tener que callarse porque en Octubre por ah\u00ed se van ciertos personajes. O no. Las represalias porque de ciertos SE\u00d1ORES no se puede decir nada por mas que te mientan en la cara, porque tienen el poder. Ir, venir, d\u00edas, dar datos, contar cosas&#8230; nada fue cierto. Todo verso. No era mas f\u00e1cil decir NO QUIERO, NO ME INTERESA&#8230;<\/p>\n<p style=\"text-align: justify;\">Nahuel y su familia ten\u00edan un sue\u00f1o. Much\u00edsimos de sus seguidores tienen un sue\u00f1o. EL MOTOCROSS tiene el sue\u00f1o de tener un piloto argentino en el mejor nivel. NO lo pude ayudar y me siento muy mal por el, por el sacrificio de su familia, por todo lo que pusieron sin ayuda oficial de nadie para representar a un pa\u00eds donde el motocross se sigue viendo como los &#8220;loquitos que saltan con las motos&#8221; en lugar de ver verdaderos deportistas.<\/p>\n<p style=\"text-align: justify;\">Pero claro&#8230; Nahuel no usa botines ni corre una pelota. Ama el motocross como todos los que seguro est\u00e1n leyendo esto. El que tendr\u00eda que leerlo o a quien est\u00e1 dirigido seguro est\u00e1 mirando un partido por TV.<\/p>\n<p style=\"text-align: justify;\">A mi, en lo personal (N\u00e9stor Gutierrez) no me resbala lo que pasa, me duele. Y poner todo en la balanza es in\u00fatil porque siempre va a dar p\u00e9rdida.\u00a0Es una nota que deber\u00eda ser feliz, pero esa es para ma\u00f1ana, hoy siento una vez mas impotencia y la dura realidad me pone de cara contra la pared aunque no me voy a rendir.<\/p>\n<p style=\"text-align: justify;\">Hoy Nahuel Kriger, te pido disculpas, de mi parte por no poder ayudar mas, o casi nada. Y por el motocross en el que tanto han dejado vos y tu familia. Pero el deporte no tiene la culpa&#8230; Es como decir que la vida es dif\u00edcil. No es dif\u00edcil, nosotros la complicamos y con esto pasa lo mismo.<\/p>\n<p style=\"text-align: justify;\">Seguramente habr\u00e1 una pila que se cuelguen de como te vaya y ser\u00e1n todos amigos tuyos y todos ser\u00e1n fan\u00e1ticos tuyos y&#8230; No es hora de ponerse los pantalones largos y hacer fuerza entre todos? Por Nahuel y por todos los Nahuel que vengan mas adelante si se puede. Pero siempre, no solo cuando el piloto toma notoriedad, siempre es cuando no tiene moto, cuando est\u00e1 lesionado, cuando le va bien, cuando se cae y cuando gana. SIEMPRE.<\/p>\n<p style=\"text-align: justify;\">Corcho, te mando un abrazo ENORME y dese\u00e1ndote la mayor suerte para que puedas cumplir ESE sue\u00f1o de irte a correr a Europa. Desde ac\u00e1 vamos a poner todo lo que nosotros tengamos, porque de los dem\u00e1s solo encontr\u00e9 ego\u00edsmos, mentiras y desatenci\u00f3n.<\/p>\n<p style=\"text-align: justify;\">Como siempre, te vamos a estar siguiendo.<\/p>\n<p style=\"text-align: justify;\">Y las disculpas van para Sandra y Rub\u00e9n tambi\u00e9n. Hice lo que pude y por ah\u00ed haci\u00e9ndolo p\u00fablico le daba un poco de verguenza a alguien&#8230; Pero creo que hay que darles un diccionario para que sepan que quiere decir.<\/p>\n<p style=\"text-align: justify;\">PAMPERO. El boc\u00f3n de siempre.<\/p>\n","protected":false},"excerpt":{"rendered":"<p>Esper\u00e9 este momento para escribirle a Nahuel y pedir disculpas. Todos saben que nos une&#8230;<\/p>\n","protected":false},"author":2,"featured_media":0,"comment_status":"open","ping_status":"open","sticky":false,"template":"","format":"standard","meta":{"om_disable_all_campaigns":false,"_monsterinsights_skip_tracking":false,"_monsterinsights_sitenote_active":false,"_monsterinsights_sitenote_note":"","_monsterinsights_sitenote_category":0,"_uf_show_specific_survey":0,"_uf_disable_surveys":false,"footnotes":""},"categories":[1],"tags":[5],"class_list":["post-14263","post","type-post","status-publish","format-standard","hentry","category-sin-categoria","tag-slice"],"aioseo_notices":[],"_links":{"self":[{"href":"https:\/\/www.crossprensa.com.ar\/news\/wp-json\/wp\/v2\/posts\/14263","targetHints":{"allow":["GET"]}}],"collection":[{"href":"https:\/\/www.crossprensa.com.ar\/news\/wp-json\/wp\/v2\/posts"}],"about":[{"href":"https:\/\/www.crossprensa.com.ar\/news\/wp-json\/wp\/v2\/types\/post"}],"author":[{"embeddable":true,"href":"https:\/\/www.crossprensa.com.ar\/news\/wp-json\/wp\/v2\/users\/2"}],"replies":[{"embeddable":true,"href":"https:\/\/www.crossprensa.com.ar\/news\/wp-json\/wp\/v2\/comments?post=14263"}],"version-history":[{"count":1,"href":"https:\/\/www.crossprensa.com.ar\/news\/wp-json\/wp\/v2\/posts\/14263\/revisions"}],"predecessor-version":[{"id":14265,"href":"https:\/\/www.crossprensa.com.ar\/news\/wp-json\/wp\/v2\/posts\/14263\/revisions\/14265"}],"wp:attachment":[{"href":"https:\/\/www.crossprensa.com.ar\/news\/wp-json\/wp\/v2\/media?parent=14263"}],"wp:term":[{"taxonomy":"category","embeddable":true,"href":"https:\/\/www.crossprensa.com.ar\/news\/wp-json\/wp\/v2\/categories?post=14263"},{"taxonomy":"post_tag","embeddable":true,"href":"https:\/\/www.crossprensa.com.ar\/news\/wp-json\/wp\/v2\/tags?post=14263"}],"curies":[{"name":"wp","href":"https:\/\/api.w.org\/{rel}","templated":true}]}}