{"id":14244,"date":"2015-09-02T13:08:34","date_gmt":"2015-09-02T16:08:34","guid":{"rendered":"http:\/\/www.crossprensa.com.ar\/news\/?p=14244"},"modified":"2015-09-02T13:08:34","modified_gmt":"2015-09-02T16:08:34","slug":"lesion-de-nico-carranza","status":"publish","type":"post","link":"https:\/\/www.crossprensa.com.ar\/news\/lesion-de-nico-carranza\/mx\/","title":{"rendered":"Lesi\u00f3n de Nico Carranza"},"content":{"rendered":"<p style=\"text-align: justify;\">El piloto cordob\u00e9s estuvo entrenando en la tarde de ayer en C\u00f3rdoba, prepar\u00e1ndose para la pr\u00f3xima del Provincial en Alta Gracia y el Argentino en Col\u00f3n. Lamentablemente sufre un golpe que le causa la fractura de dos huesos del pie como pueden ver en la radiograf\u00eda, y que lo tendr\u00e1n en reposo por un tiempo, y ver si puede ir a ambas o solamente a la fecha del Nacional.<\/p>\n<p style=\"text-align: justify;\"><!--more--><\/p>\n<p style=\"text-align: justify;\">Los tendremos informados.<\/p>\n<p style=\"text-align: justify;\"><a href=\"http:\/\/www.crossprensa.com.ar\/news\/wp-content\/uploads\/2015\/09\/zzzzzz2352781070jpg.jpg\"><img fetchpriority=\"high\" decoding=\"async\" class=\"aligncenter size-large wp-image-14246\" src=\"http:\/\/www.crossprensa.com.ar\/news\/wp-content\/uploads\/2015\/09\/zzzzzz2352781070jpg-400x400.jpg\" alt=\"zzzzzz2352781070jpg\" width=\"400\" height=\"400\" \/><\/a><\/p>\n","protected":false},"excerpt":{"rendered":"<p>El piloto cordob\u00e9s estuvo entrenando en la tarde de ayer en C\u00f3rdoba, prepar\u00e1ndose para la&#8230;<\/p>\n","protected":false},"author":2,"featured_media":0,"comment_status":"open","ping_status":"open","sticky":false,"template":"","format":"standard","meta":{"om_disable_all_campaigns":false,"_monsterinsights_skip_tracking":false,"_monsterinsights_sitenote_active":false,"_monsterinsights_sitenote_note":"","_monsterinsights_sitenote_category":0,"_uf_show_specific_survey":0,"_uf_disable_surveys":false,"footnotes":""},"categories":[7,27],"tags":[6],"class_list":["post-14244","post","type-post","status-publish","format-standard","hentry","category-mx","category-mx-argentino","tag-text"],"aioseo_notices":[],"_links":{"self":[{"href":"https:\/\/www.crossprensa.com.ar\/news\/wp-json\/wp\/v2\/posts\/14244","targetHints":{"allow":["GET"]}}],"collection":[{"href":"https:\/\/www.crossprensa.com.ar\/news\/wp-json\/wp\/v2\/posts"}],"about":[{"href":"https:\/\/www.crossprensa.com.ar\/news\/wp-json\/wp\/v2\/types\/post"}],"author":[{"embeddable":true,"href":"https:\/\/www.crossprensa.com.ar\/news\/wp-json\/wp\/v2\/users\/2"}],"replies":[{"embeddable":true,"href":"https:\/\/www.crossprensa.com.ar\/news\/wp-json\/wp\/v2\/comments?post=14244"}],"version-history":[{"count":1,"href":"https:\/\/www.crossprensa.com.ar\/news\/wp-json\/wp\/v2\/posts\/14244\/revisions"}],"predecessor-version":[{"id":14247,"href":"https:\/\/www.crossprensa.com.ar\/news\/wp-json\/wp\/v2\/posts\/14244\/revisions\/14247"}],"wp:attachment":[{"href":"https:\/\/www.crossprensa.com.ar\/news\/wp-json\/wp\/v2\/media?parent=14244"}],"wp:term":[{"taxonomy":"category","embeddable":true,"href":"https:\/\/www.crossprensa.com.ar\/news\/wp-json\/wp\/v2\/categories?post=14244"},{"taxonomy":"post_tag","embeddable":true,"href":"https:\/\/www.crossprensa.com.ar\/news\/wp-json\/wp\/v2\/tags?post=14244"}],"curies":[{"name":"wp","href":"https:\/\/api.w.org\/{rel}","templated":true}]}}