{"id":14241,"date":"2015-09-02T12:01:01","date_gmt":"2015-09-02T15:01:01","guid":{"rendered":"http:\/\/www.crossprensa.com.ar\/news\/?p=14241"},"modified":"2015-09-02T19:13:47","modified_gmt":"2015-09-02T22:13:47","slug":"volvio-cairoli-a-la-pista","status":"publish","type":"post","link":"https:\/\/www.crossprensa.com.ar\/news\/volvio-cairoli-a-la-pista\/mx\/","title":{"rendered":"Volvi\u00f3 Cairoli a la pista."},"content":{"rendered":"<p style=\"text-align: justify;\">El piloto italiano \u00a08 veces campe\u00f3n del mundo Antonio Cairoli, volvi\u00f3 a la pista a entrenar para preparar su vuelta. Tuvo el peor a\u00f1o de su carrera deportiva debiendo abandonar el campeonato luego de una fractura en su brazo derecho que intent\u00f3 superar y seguir corriendo pero no pudo defender su posici\u00f3n de campe\u00f3n. Se espera que en Glen Helen haga su reaparici\u00f3n.<\/p>\n<p>&nbsp;<\/p>\n","protected":false},"excerpt":{"rendered":"<p>El piloto italiano \u00a08 veces campe\u00f3n del mundo Antonio Cairoli, volvi\u00f3 a la pista a&#8230;<\/p>\n","protected":false},"author":2,"featured_media":0,"comment_status":"open","ping_status":"open","sticky":false,"template":"","format":"standard","meta":{"om_disable_all_campaigns":false,"_monsterinsights_skip_tracking":false,"_monsterinsights_sitenote_active":false,"_monsterinsights_sitenote_note":"","_monsterinsights_sitenote_category":0,"_uf_show_specific_survey":0,"_uf_disable_surveys":false,"footnotes":""},"categories":[7,24],"tags":[6],"class_list":["post-14241","post","type-post","status-publish","format-standard","hentry","category-mx","category-mxgp","tag-text"],"aioseo_notices":[],"_links":{"self":[{"href":"https:\/\/www.crossprensa.com.ar\/news\/wp-json\/wp\/v2\/posts\/14241","targetHints":{"allow":["GET"]}}],"collection":[{"href":"https:\/\/www.crossprensa.com.ar\/news\/wp-json\/wp\/v2\/posts"}],"about":[{"href":"https:\/\/www.crossprensa.com.ar\/news\/wp-json\/wp\/v2\/types\/post"}],"author":[{"embeddable":true,"href":"https:\/\/www.crossprensa.com.ar\/news\/wp-json\/wp\/v2\/users\/2"}],"replies":[{"embeddable":true,"href":"https:\/\/www.crossprensa.com.ar\/news\/wp-json\/wp\/v2\/comments?post=14241"}],"version-history":[{"count":2,"href":"https:\/\/www.crossprensa.com.ar\/news\/wp-json\/wp\/v2\/posts\/14241\/revisions"}],"predecessor-version":[{"id":14251,"href":"https:\/\/www.crossprensa.com.ar\/news\/wp-json\/wp\/v2\/posts\/14241\/revisions\/14251"}],"wp:attachment":[{"href":"https:\/\/www.crossprensa.com.ar\/news\/wp-json\/wp\/v2\/media?parent=14241"}],"wp:term":[{"taxonomy":"category","embeddable":true,"href":"https:\/\/www.crossprensa.com.ar\/news\/wp-json\/wp\/v2\/categories?post=14241"},{"taxonomy":"post_tag","embeddable":true,"href":"https:\/\/www.crossprensa.com.ar\/news\/wp-json\/wp\/v2\/tags?post=14241"}],"curies":[{"name":"wp","href":"https:\/\/api.w.org\/{rel}","templated":true}]}}