{"id":14235,"date":"2015-09-01T23:12:59","date_gmt":"2015-09-02T02:12:59","guid":{"rendered":"http:\/\/www.crossprensa.com.ar\/news\/?p=14235"},"modified":"2015-09-02T14:24:43","modified_gmt":"2015-09-02T17:24:43","slug":"14235","status":"publish","type":"post","link":"https:\/\/www.crossprensa.com.ar\/news\/14235\/mx\/","title":{"rendered":"Omar Roncallo. La \u00faltima lecci\u00f3n"},"content":{"rendered":"<p style=\"text-align: justify;\">Omar, nos diste la \u00faltima lecci\u00f3n.<br \/>\nEleg\u00ed esta foto de <a class=\"profileLink\" href=\"https:\/\/www.facebook.com\/laura.kruger1\" data-hovercard=\"\/ajax\/hovercard\/user.php?id=1203096001\">Laura Kruger<\/a> abrazado con <a class=\"profileLink\" href=\"https:\/\/www.facebook.com\/luis.pedersen.33\" data-hovercard=\"\/ajax\/hovercard\/user.php?id=100005941540884\">Luis Pedersen<\/a> porque simboliza lo que eras. AMIGO, as\u00ed con may\u00fasculas.<\/p>\n<p style=\"text-align: justify;\"><!--more--><br \/>\nTe conoc\u00ed hace mucho&#8230; mi memoria me dice que hace como 30 a\u00f1os&#8230; mas o menos Primero mir\u00e1ndote, luego admir\u00e1ndote, despu\u00e9s siendo amigos. Y <a id=\"js_d\" class=\"profileLink\" href=\"https:\/\/www.facebook.com\/pilu.roncallo\" data-hovercard=\"\/ajax\/hovercard\/user.php?id=1501600347\">Pilu Roncallo<\/a> creciendo con vos, de tu mano primero hasta que la solt\u00f3 y empez\u00f3 a acelerar solo.<br \/>\nVos y tu sonrisa siempre, la mano extendida para cualquiera, el abrazo para los amigos, la intimidad verdadera para pocos.<br \/>\nMar\u00eda In\u00e9s, Pilu, Nico, eran tu vida. Hab\u00eda que saber leer tus manos, con callos, con aceite de viejas carreras haciendo un tatuaje honorable lleno de sacrificios para poder estar en el partidor cada vez que quisiste, cada vez que pudiste, cada vez que el bolsillo te dej\u00f3.<br \/>\nMuchas charlas sobre eso, porque vos sab\u00edas como yo de sacrificios y nadie te iba a contar cuentos sobre lo que significa correr con pasi\u00f3n.<br \/>\nLa vida era estar sobre la moto de carrera. Te lo entend\u00ed porque soy igual.<br \/>\nLa muerte sobre una moto de carrera. Te lo entiendo porque la quiero igual.<br \/>\nTe llenaste de trofeos de carreras, te llenaste de trofeos de amigos porque alentabas hasta a los que corr\u00edan contra tu hijo! y te agachaste al lado de cada moto que se paraba para que pudiera seguir, y te preocupabas en serio.<br \/>\nEras pura pasi\u00f3n,viejo loco.<br \/>\nFueron d\u00edas de mierda desde la primera noticia. Porque te quise y te quiero mucho, pero como no es tan com\u00fan decirle TE QUIERO a un amigo&#8230; Y esa es la lecci\u00f3n, aprender a no esconder sentimientos por lo que digan o piensen los dem\u00e1s. Hoy tengo ganas de dec\u00edrtelo pero no lo vas a escuchar. Otro mas que me queda guardado.<br \/>\nLa lecci\u00f3n es GIGANTE, en estos momentos donde cualquiera te putea o te denigra en p\u00fablico, pero nadie dice lo que siente si es bueno. Parece que eso es lo prohibido.<br \/>\nPor eso la foto con Lucho ac\u00e1, por eso la foto con PIlu en la portada y por eso tampoco lo escrib\u00ed en la web, sino en el face para que todo el mundo lo lea y lo reparta si tiene ganas.<br \/>\nSe muri\u00f3 un padre, un gran tipo, un gran amigo. Pero yo voy a decir lo que vos quer\u00edas escuchar: Se muri\u00f3 un corredor de Motocross.<br \/>\nVos entendiste la esencia de esto, ten\u00edas la pasi\u00f3n en la sangre para que con 60 a\u00f1os siguieras acelerando cada Domingo,en un zonal o en el argentino o seguramente ahora estar\u00e1s desparramando peraltes de nubes con Dios haciendo de Comisario Deportivo.<br \/>\nTengo un dolor muy grande. Fuiste consejero, sab\u00edas escuchar, y con pocas palabras poner cosas en su lugar sin tanta vuelta.<br \/>\nNos diste la \u00faltima lecci\u00f3n porque ganaste tu \u00faltima carrera, ven\u00edas primero cuando el motor de tu vida pinch\u00f3 el pist\u00f3n. Ni te diste cuenta de la ca\u00edda porque ya te hab\u00edas comenzado a ir cuando la tierra empez\u00f3 a recibirte.<br \/>\nTe empujaron la vida como empujando esa moto que no arranca, le dieron hasta que no se pudo mas, hasta que tu motor no pudo mas. Y te fuiste a boxes&#8230;<br \/>\nPero seguro, que ya est\u00e1s desarmando todo como tantos s\u00e1bados a la noche para que el Domingo la moto est\u00e9 en la largada y volver a acelerar como siempre, para ganar!<br \/>\nGente&#8230; el motocross es vida, y es muerte. El motocross se hace con gente de todas clases pero hay especiales tambi\u00e9n, como este amigo enorme.<br \/>\nNo se olviden de la lecci\u00f3n, porque conoci\u00e9ndolos, seguro que Pilu le dio la palmada en la espalda, seguro que le dijo DALE VIEJO! Seguro que se qued\u00f3 con ganas de abrazarlo en el podio. Seguro que todos nos quedamos con ganas de tenerte un poco mas.<br \/>\nPor esto, es que la lecci\u00f3n vale. La podrida muerte no avisa. Y nos deja con ganas de abrazos, de un beso, de un te quiero a quien sea.<br \/>\nQuien dice que ma\u00f1ana vamos a seguir vivos?<br \/>\nQuien dice que ma\u00f1ana vas a poder dar un abrazo?<br \/>\nQuien dice que ma\u00f1ana vas a poder decirle Te Quiero a ESA persona?<br \/>\nNo pierdan mas el tiempo en boludeces por lo que digan o piensen los dem\u00e1s.<br \/>\nEsos son los mismos que HOY, no van a decir nada, porque precisamente no tienen nada que decir si no es criticar a la otra gente sin darse cuenta que los equivocados son ellos.<br \/>\nOmar no dec\u00eda, demostraba. Era amigo, el Te Quiero, lo dejaba en el abrazo, en la derecha extendida, en la sonrisa siempre.<br \/>\nEl nos dio una lecci\u00f3n mas de motocross y de vida.<br \/>\nPero antes se hab\u00eda sacado un 10.<br \/>\n&#8220;Omar Roncallo encara la \u00fallllltima vuelta de carrera&#8230; viene a fondo con la KXF 101 del BBR Motocross rummmmbo a la victoria!!!<br \/>\nMete la moto en el peralte, los codos abiertos&#8230; peina el embrague mientras a fondo el acelerador lo lleva a la bandera a cuadros&#8230;.!!!<br \/>\nVa a ganar OMAR RONCALLO!!! VA A GANAR&#8230; VA A GANARRRRR&#8230; VICTORIA PARA EL PILOTO DE NECOCHEAAAAA&#8230;. VICTORIA DE OMAR RONCALLO..!!!<br \/>\nY te fuiste a los boxes del cielo. Esperame, porque te voy a ir a hacer una nota.<br \/>\nGracias por tantos a\u00f1os de carreras.<br \/>\nEn mi nombre y de parte del Motocross.<br \/>\nOjal\u00e1 se te reconozca.<br \/>\nPAMPERO.<\/p>\n","protected":false},"excerpt":{"rendered":"<p>Omar, nos diste la \u00faltima lecci\u00f3n. Eleg\u00ed esta foto de Laura Kruger abrazado con Luis&#8230;<\/p>\n","protected":false},"author":2,"featured_media":0,"comment_status":"open","ping_status":"open","sticky":false,"template":"","format":"standard","meta":{"om_disable_all_campaigns":false,"_monsterinsights_skip_tracking":false,"_monsterinsights_sitenote_active":false,"_monsterinsights_sitenote_note":"","_monsterinsights_sitenote_category":0,"_uf_show_specific_survey":0,"_uf_disable_surveys":false,"footnotes":""},"categories":[7,27],"tags":[5],"class_list":["post-14235","post","type-post","status-publish","format-standard","hentry","category-mx","category-mx-argentino","tag-slice"],"aioseo_notices":[],"_links":{"self":[{"href":"https:\/\/www.crossprensa.com.ar\/news\/wp-json\/wp\/v2\/posts\/14235","targetHints":{"allow":["GET"]}}],"collection":[{"href":"https:\/\/www.crossprensa.com.ar\/news\/wp-json\/wp\/v2\/posts"}],"about":[{"href":"https:\/\/www.crossprensa.com.ar\/news\/wp-json\/wp\/v2\/types\/post"}],"author":[{"embeddable":true,"href":"https:\/\/www.crossprensa.com.ar\/news\/wp-json\/wp\/v2\/users\/2"}],"replies":[{"embeddable":true,"href":"https:\/\/www.crossprensa.com.ar\/news\/wp-json\/wp\/v2\/comments?post=14235"}],"version-history":[{"count":3,"href":"https:\/\/www.crossprensa.com.ar\/news\/wp-json\/wp\/v2\/posts\/14235\/revisions"}],"predecessor-version":[{"id":14239,"href":"https:\/\/www.crossprensa.com.ar\/news\/wp-json\/wp\/v2\/posts\/14235\/revisions\/14239"}],"wp:attachment":[{"href":"https:\/\/www.crossprensa.com.ar\/news\/wp-json\/wp\/v2\/media?parent=14235"}],"wp:term":[{"taxonomy":"category","embeddable":true,"href":"https:\/\/www.crossprensa.com.ar\/news\/wp-json\/wp\/v2\/categories?post=14235"},{"taxonomy":"post_tag","embeddable":true,"href":"https:\/\/www.crossprensa.com.ar\/news\/wp-json\/wp\/v2\/tags?post=14235"}],"curies":[{"name":"wp","href":"https:\/\/api.w.org\/{rel}","templated":true}]}}