{"id":14197,"date":"2015-08-30T14:09:17","date_gmt":"2015-08-30T17:09:17","guid":{"rendered":"http:\/\/www.crossprensa.com.ar\/news\/?p=14197"},"modified":"2015-08-30T14:09:17","modified_gmt":"2015-08-30T17:09:17","slug":"mxgp-febvre-campeon","status":"publish","type":"post","link":"https:\/\/www.crossprensa.com.ar\/news\/mxgp-febvre-campeon\/mxgp\/","title":{"rendered":"MXGP: FEBVRE CAMPE\u00d3N!!!"},"content":{"rendered":"<p style=\"text-align: justify;\">Que gran a\u00f1o para el franc\u00e9s! Debutar en la categor\u00eda mayor del campeonato del Mundo FIM MXGP y lograr el t\u00edtulo&#8230; Esas dualidades porque que demostrar\u00e1 el pr\u00f3ximo a\u00f1o? Pero sin dudas, que en esta loca temporada con 7 ganadores diferentes y muchos lesionados Febvre supo manejar situaciones y coronarse campe\u00f3n a dos fechas del final de temporada. Hoy en Assen demostr\u00f3 que la arena no es solo para hacer castillitos. Impresionante&#8230;!<\/p>\n<p style=\"text-align: justify;\"><!--more--><\/p>\n<p style=\"text-align: justify;\">En breve todos los resultados, videos y estad\u00edsticas de un a\u00f1o inolvidable para Francia que desde 2002 con\u00a0Micka\u00ebl Pichon no lograba una corona en esta categor\u00eda.<\/p>\n<p>&nbsp;<\/p>\n","protected":false},"excerpt":{"rendered":"<p>Que gran a\u00f1o para el franc\u00e9s! Debutar en la categor\u00eda mayor del campeonato del Mundo&#8230;<\/p>\n","protected":false},"author":2,"featured_media":0,"comment_status":"open","ping_status":"open","sticky":false,"template":"","format":"standard","meta":{"om_disable_all_campaigns":false,"_monsterinsights_skip_tracking":false,"_monsterinsights_sitenote_active":false,"_monsterinsights_sitenote_note":"","_monsterinsights_sitenote_category":0,"_uf_show_specific_survey":0,"_uf_disable_surveys":false,"footnotes":""},"categories":[24],"tags":[5],"class_list":["post-14197","post","type-post","status-publish","format-standard","hentry","category-mxgp","tag-slice"],"aioseo_notices":[],"_links":{"self":[{"href":"https:\/\/www.crossprensa.com.ar\/news\/wp-json\/wp\/v2\/posts\/14197","targetHints":{"allow":["GET"]}}],"collection":[{"href":"https:\/\/www.crossprensa.com.ar\/news\/wp-json\/wp\/v2\/posts"}],"about":[{"href":"https:\/\/www.crossprensa.com.ar\/news\/wp-json\/wp\/v2\/types\/post"}],"author":[{"embeddable":true,"href":"https:\/\/www.crossprensa.com.ar\/news\/wp-json\/wp\/v2\/users\/2"}],"replies":[{"embeddable":true,"href":"https:\/\/www.crossprensa.com.ar\/news\/wp-json\/wp\/v2\/comments?post=14197"}],"version-history":[{"count":1,"href":"https:\/\/www.crossprensa.com.ar\/news\/wp-json\/wp\/v2\/posts\/14197\/revisions"}],"predecessor-version":[{"id":14199,"href":"https:\/\/www.crossprensa.com.ar\/news\/wp-json\/wp\/v2\/posts\/14197\/revisions\/14199"}],"wp:attachment":[{"href":"https:\/\/www.crossprensa.com.ar\/news\/wp-json\/wp\/v2\/media?parent=14197"}],"wp:term":[{"taxonomy":"category","embeddable":true,"href":"https:\/\/www.crossprensa.com.ar\/news\/wp-json\/wp\/v2\/categories?post=14197"},{"taxonomy":"post_tag","embeddable":true,"href":"https:\/\/www.crossprensa.com.ar\/news\/wp-json\/wp\/v2\/tags?post=14197"}],"curies":[{"name":"wp","href":"https:\/\/api.w.org\/{rel}","templated":true}]}}