{"id":13975,"date":"2015-08-26T11:11:13","date_gmt":"2015-08-26T14:11:13","guid":{"rendered":"http:\/\/www.crossprensa.com.ar\/news\/?p=13975"},"modified":"2015-08-26T11:11:13","modified_gmt":"2015-08-26T14:11:13","slug":"mxgp-en-assen-holanda","status":"publish","type":"post","link":"https:\/\/www.crossprensa.com.ar\/news\/mxgp-en-assen-holanda\/mx\/","title":{"rendered":"MXGP en Assen, Holanda."},"content":{"rendered":"<p style=\"text-align: justify;\">La decimosexta fecha\u00a0del <strong>Mudial de Motocross FIM<\/strong>\u00a0se llevar\u00e1 a cabo por primera vez en la historia en el mundialmente famoso <strong>circuito TT de <\/strong>Assen, Pa\u00edses Bajos. Mientras que el circuito de Van Drenthe ya es reconocido en todo el mundo como sede mas antigua\u00a0en el calendario de MotoGP, este fin de semana har\u00e1 su marca en el mundo de motocross con la inauguraci\u00f3n de una pista de arena.<\/p>\n<p style=\"text-align: justify;\"><!--more--><\/p>\n<p style=\"text-align: justify;\">25.000 metros c\u00fabicos de arena blanca ha sido importada desde una instalaci\u00f3n de entrenamiento militar cercano para hacer la pista, que todav\u00eda est\u00e1 en construcci\u00f3n en estos momentos. El circuito ser\u00e1 construido en menos de una semana, lo que significa que ser\u00e1 completamente nuevo y dar\u00e1\u00a0igualdad de condiciones para todos.<\/p>\n<p style=\"text-align: justify;\">Lo que tambi\u00e9n es interesante acerca de la pista nueva y emocionante es que se puede disfrutar desde las mismas instalaciones permanentes utilizados para MotoGP. Las tribunas ser\u00e1n objeto de un uso con espacio suficiente para albergar 25.000 aficionados ansiosos de ver MXGP. Esto significa que llueva o haga sol, las carreras se pueden disfrutar en lo secos gracias a la zona de tribunas\u00a0techadas. Todos los que ingresen para\u00a0presenciar el epico<strong>\u00a0MXGP de los Pa\u00edses Bajos\u00a0ser\u00e1<\/strong>\u00a0con acceso a todas las inmensas instalaciones permanentes, como un centro de medios de talla mundial, las zonas VIP de lujo, inodoros, duchas limpias, y la lista contin\u00faa .<\/p>\n<p style=\"text-align: justify;\">Adem\u00e1s de los lujos de instalaciones permanentes y la frescura de un\u00a0escenari\u00a0nunca antes visto, el\u00a0<strong>Campeonato del Mundo FIM Motocross<\/strong> tambi\u00e9n estar\u00e1 acompa\u00f1ado por las carreras\u00a0finales del\u00a0<strong>Campeonato de Europa <\/strong>EMX250, <strong>125<\/strong> y <strong>150, as\u00ed como la primera y \u00fanica carrera\u00a0de la <\/strong><strong>Copa del Mundo de Veteranos, <\/strong>VMX.<\/p>\n<p style=\"text-align: justify;\">En el <strong>Campeonato EMX250 <\/strong>Europea, el\u00a0holand\u00e9s del\u00a0<strong>J-Tech Honda, Nick Kouwenberg<\/strong> tiene una ventaja de 34 puntos y debe envolver el t\u00edtulo delante de su p\u00fablico\u00a0este fin de semana mientras que en el <strong>EMX125<\/strong> el t\u00edtulo ir\u00e1 hasta el \u00faltimo momento dando espectativa, con s\u00f3lo 1 punto de separaci\u00f3n entre el piloto\u00a0<strong>de KTM oficial de f\u00e1brica J\u00fanior<\/strong>\u00a0, el joven espa\u00f1ol <strong>Jorge Prado<\/strong> y su compa\u00f1ero de equipo Kiwi <strong>Jos\u00edas <\/strong>Natzke.<\/p>\n<p style=\"text-align: justify;\">\n","protected":false},"excerpt":{"rendered":"<p>La decimosexta fecha\u00a0del Mudial de Motocross FIM\u00a0se llevar\u00e1 a cabo por primera vez en la&#8230;<\/p>\n","protected":false},"author":2,"featured_media":0,"comment_status":"open","ping_status":"open","sticky":false,"template":"","format":"standard","meta":{"om_disable_all_campaigns":false,"_monsterinsights_skip_tracking":false,"_monsterinsights_sitenote_active":false,"_monsterinsights_sitenote_note":"","_monsterinsights_sitenote_category":0,"_uf_show_specific_survey":0,"_uf_disable_surveys":false,"footnotes":""},"categories":[7,24],"tags":[6],"class_list":["post-13975","post","type-post","status-publish","format-standard","hentry","category-mx","category-mxgp","tag-text"],"aioseo_notices":[],"_links":{"self":[{"href":"https:\/\/www.crossprensa.com.ar\/news\/wp-json\/wp\/v2\/posts\/13975","targetHints":{"allow":["GET"]}}],"collection":[{"href":"https:\/\/www.crossprensa.com.ar\/news\/wp-json\/wp\/v2\/posts"}],"about":[{"href":"https:\/\/www.crossprensa.com.ar\/news\/wp-json\/wp\/v2\/types\/post"}],"author":[{"embeddable":true,"href":"https:\/\/www.crossprensa.com.ar\/news\/wp-json\/wp\/v2\/users\/2"}],"replies":[{"embeddable":true,"href":"https:\/\/www.crossprensa.com.ar\/news\/wp-json\/wp\/v2\/comments?post=13975"}],"version-history":[{"count":1,"href":"https:\/\/www.crossprensa.com.ar\/news\/wp-json\/wp\/v2\/posts\/13975\/revisions"}],"predecessor-version":[{"id":13977,"href":"https:\/\/www.crossprensa.com.ar\/news\/wp-json\/wp\/v2\/posts\/13975\/revisions\/13977"}],"wp:attachment":[{"href":"https:\/\/www.crossprensa.com.ar\/news\/wp-json\/wp\/v2\/media?parent=13975"}],"wp:term":[{"taxonomy":"category","embeddable":true,"href":"https:\/\/www.crossprensa.com.ar\/news\/wp-json\/wp\/v2\/categories?post=13975"},{"taxonomy":"post_tag","embeddable":true,"href":"https:\/\/www.crossprensa.com.ar\/news\/wp-json\/wp\/v2\/tags?post=13975"}],"curies":[{"name":"wp","href":"https:\/\/api.w.org\/{rel}","templated":true}]}}