{"id":13807,"date":"2015-08-19T02:52:38","date_gmt":"2015-08-19T05:52:38","guid":{"rendered":"http:\/\/www.crossprensa.com.ar\/news\/?p=13807"},"modified":"2015-08-19T02:52:38","modified_gmt":"2015-08-19T05:52:38","slug":"motocross-de-las-naciones-video","status":"publish","type":"post","link":"https:\/\/www.crossprensa.com.ar\/news\/motocross-de-las-naciones-video\/mx\/","title":{"rendered":"Motocross de Las Naciones &#8211; Video"},"content":{"rendered":"<p style=\"text-align: justify;\">El equipo franc\u00e9s vuelve a presentarse como un candidato firme a quedarse con la copa en 2015. Los tres pilotos elegidos estuvieron entrenando en Ern\u00e9e que es el circuito elegido para la batalla final entre todos los pilotos que puedan superar la clasificaci\u00f3n de lo que ser\u00e1 una vez mas la carrera mas importante del Mundo. Vean este video.<\/p>\n<p><!--more--><\/p>\n<p><iframe title=\"Motocross des Nations 2015 : l&#039;Equipe de France en stage \u00e0 Ern\u00e9e (53)\" width=\"640\" height=\"360\" src=\"https:\/\/www.youtube.com\/embed\/neaOsm2acJw?feature=oembed\" frameborder=\"0\" allow=\"accelerometer; autoplay; clipboard-write; encrypted-media; gyroscope; picture-in-picture; web-share\" referrerpolicy=\"strict-origin-when-cross-origin\" allowfullscreen><\/iframe><\/p>\n","protected":false},"excerpt":{"rendered":"<p>El equipo franc\u00e9s vuelve a presentarse como un candidato firme a quedarse con la copa&#8230;<\/p>\n","protected":false},"author":2,"featured_media":0,"comment_status":"open","ping_status":"open","sticky":false,"template":"","format":"standard","meta":{"om_disable_all_campaigns":false,"_monsterinsights_skip_tracking":false,"_monsterinsights_sitenote_active":false,"_monsterinsights_sitenote_note":"","_monsterinsights_sitenote_category":0,"_uf_show_specific_survey":0,"_uf_disable_surveys":false,"footnotes":""},"categories":[7,24],"tags":[5],"class_list":["post-13807","post","type-post","status-publish","format-standard","hentry","category-mx","category-mxgp","tag-slice"],"aioseo_notices":[],"_links":{"self":[{"href":"https:\/\/www.crossprensa.com.ar\/news\/wp-json\/wp\/v2\/posts\/13807","targetHints":{"allow":["GET"]}}],"collection":[{"href":"https:\/\/www.crossprensa.com.ar\/news\/wp-json\/wp\/v2\/posts"}],"about":[{"href":"https:\/\/www.crossprensa.com.ar\/news\/wp-json\/wp\/v2\/types\/post"}],"author":[{"embeddable":true,"href":"https:\/\/www.crossprensa.com.ar\/news\/wp-json\/wp\/v2\/users\/2"}],"replies":[{"embeddable":true,"href":"https:\/\/www.crossprensa.com.ar\/news\/wp-json\/wp\/v2\/comments?post=13807"}],"version-history":[{"count":1,"href":"https:\/\/www.crossprensa.com.ar\/news\/wp-json\/wp\/v2\/posts\/13807\/revisions"}],"predecessor-version":[{"id":13809,"href":"https:\/\/www.crossprensa.com.ar\/news\/wp-json\/wp\/v2\/posts\/13807\/revisions\/13809"}],"wp:attachment":[{"href":"https:\/\/www.crossprensa.com.ar\/news\/wp-json\/wp\/v2\/media?parent=13807"}],"wp:term":[{"taxonomy":"category","embeddable":true,"href":"https:\/\/www.crossprensa.com.ar\/news\/wp-json\/wp\/v2\/categories?post=13807"},{"taxonomy":"post_tag","embeddable":true,"href":"https:\/\/www.crossprensa.com.ar\/news\/wp-json\/wp\/v2\/tags?post=13807"}],"curies":[{"name":"wp","href":"https:\/\/api.w.org\/{rel}","templated":true}]}}