{"id":13784,"date":"2015-08-17T03:23:22","date_gmt":"2015-08-17T06:23:22","guid":{"rendered":"http:\/\/www.crossprensa.com.ar\/news\/?p=13784"},"modified":"2015-08-17T03:27:53","modified_gmt":"2015-08-17T06:27:53","slug":"ken-roczen-no-corre-el-mxon","status":"publish","type":"post","link":"https:\/\/www.crossprensa.com.ar\/news\/ken-roczen-no-corre-el-mxon\/mx\/","title":{"rendered":"Ken Roczen no corre el MXoN"},"content":{"rendered":"<p style=\"text-align: justify;\">Tras finalizar la temporada del Outdoor americano, Ken Roczen tendr\u00e1 que pasar por quir\u00f3fano para solucionar el problema que viene arrastrando esta temporada tras la lesi\u00f3n en\u00a0una v\u00e9rtebra lumbar.<\/p>\n<p style=\"text-align: justify;\"><!--more--><\/p>\n<p style=\"text-align: justify;\">La duda de cu\u00e1nto durar\u00e1 la recuperaci\u00f3n de esa lesi\u00f3n y la intenci\u00f3n de llegar al 100% al inicio del AMA Supercross del 2016 hace que Roczen haya tomado la decisi\u00f3n de no participar en la carrera para recuperarse bien.<\/p>\n<p style=\"text-align: justify;\">La inc\u00f3gnita\u00a0est\u00e1 en saber qui\u00e9n acompa\u00f1ar\u00e1 a Nagl en el equipo germano.<\/p>\n<p>&nbsp;<\/p>\n","protected":false},"excerpt":{"rendered":"<p>Tras finalizar la temporada del Outdoor americano, Ken Roczen tendr\u00e1 que pasar por quir\u00f3fano para&#8230;<\/p>\n","protected":false},"author":2,"featured_media":0,"comment_status":"open","ping_status":"open","sticky":false,"template":"","format":"standard","meta":{"om_disable_all_campaigns":false,"_monsterinsights_skip_tracking":false,"_monsterinsights_sitenote_active":false,"_monsterinsights_sitenote_note":"","_monsterinsights_sitenote_category":0,"_uf_show_specific_survey":0,"_uf_disable_surveys":false,"footnotes":""},"categories":[7,24],"tags":[6],"class_list":["post-13784","post","type-post","status-publish","format-standard","hentry","category-mx","category-mxgp","tag-text"],"aioseo_notices":[],"_links":{"self":[{"href":"https:\/\/www.crossprensa.com.ar\/news\/wp-json\/wp\/v2\/posts\/13784","targetHints":{"allow":["GET"]}}],"collection":[{"href":"https:\/\/www.crossprensa.com.ar\/news\/wp-json\/wp\/v2\/posts"}],"about":[{"href":"https:\/\/www.crossprensa.com.ar\/news\/wp-json\/wp\/v2\/types\/post"}],"author":[{"embeddable":true,"href":"https:\/\/www.crossprensa.com.ar\/news\/wp-json\/wp\/v2\/users\/2"}],"replies":[{"embeddable":true,"href":"https:\/\/www.crossprensa.com.ar\/news\/wp-json\/wp\/v2\/comments?post=13784"}],"version-history":[{"count":2,"href":"https:\/\/www.crossprensa.com.ar\/news\/wp-json\/wp\/v2\/posts\/13784\/revisions"}],"predecessor-version":[{"id":13787,"href":"https:\/\/www.crossprensa.com.ar\/news\/wp-json\/wp\/v2\/posts\/13784\/revisions\/13787"}],"wp:attachment":[{"href":"https:\/\/www.crossprensa.com.ar\/news\/wp-json\/wp\/v2\/media?parent=13784"}],"wp:term":[{"taxonomy":"category","embeddable":true,"href":"https:\/\/www.crossprensa.com.ar\/news\/wp-json\/wp\/v2\/categories?post=13784"},{"taxonomy":"post_tag","embeddable":true,"href":"https:\/\/www.crossprensa.com.ar\/news\/wp-json\/wp\/v2\/tags?post=13784"}],"curies":[{"name":"wp","href":"https:\/\/api.w.org\/{rel}","templated":true}]}}