{"id":13718,"date":"2015-08-13T18:32:26","date_gmt":"2015-08-13T21:32:26","guid":{"rendered":"http:\/\/www.crossprensa.com.ar\/news\/?p=13718"},"modified":"2015-08-13T18:32:26","modified_gmt":"2015-08-13T21:32:26","slug":"joel-smets-en-ktm","status":"publish","type":"post","link":"https:\/\/www.crossprensa.com.ar\/news\/joel-smets-en-ktm\/sin-categoria\/","title":{"rendered":"JOEL SMETS EN KTM"},"content":{"rendered":"<p style=\"text-align: justify;\">El piloto belga 5 veces campe\u00f3n del Mundo de Motocross, ser\u00e1 el nuevo director deportivo de KTM en lo que refiere al Mundial MXGP y todo lo que tenga que ver con la actividad a nivel Europeo y global.<\/p>\n<p style=\"text-align: justify;\"><!--more--><\/p>\n<p style=\"text-align: justify;\">El Cinco veces campe\u00f3n del mundo joel smets de B\u00e9lgica ha sido nombrado Director Deportivo de Ktm motocross factory racing. Su cuarto y quinto t\u00edtulos fueron mientras \u00e9l fue piloto oficial en KTM, en 2000 y 2003.<\/p>\n<p style=\"text-align: justify;\">En este nuevo trabajo, Joel estar\u00e1 a cargo de la supervisi\u00f3n de la planificaci\u00f3n general, y va a coordinar y facilitar los horarios de entrenamiento para los equipos de f\u00e1brica, que en el futuro va a operar fuera de Italia y B\u00e9lgica. Smets tambi\u00e9n ser\u00e1 la cabeza de la parte t\u00e9cnica de taller en B\u00e9lgica.<\/p>\n<p><a href=\"http:\/\/www.crossprensa.com.ar\/news\/wp-content\/uploads\/2015\/08\/zzzzzz235278043.jpg\"><img fetchpriority=\"high\" decoding=\"async\" class=\"aligncenter size-large wp-image-13720\" src=\"http:\/\/www.crossprensa.com.ar\/news\/wp-content\/uploads\/2015\/08\/zzzzzz235278043-407x400.jpg\" alt=\"zzzzzz235278043\" width=\"407\" height=\"400\" srcset=\"https:\/\/www.crossprensa.com.ar\/news\/wp-content\/uploads\/2015\/08\/zzzzzz235278043-407x400.jpg 407w, https:\/\/www.crossprensa.com.ar\/news\/wp-content\/uploads\/2015\/08\/zzzzzz235278043-300x295.jpg 300w, https:\/\/www.crossprensa.com.ar\/news\/wp-content\/uploads\/2015\/08\/zzzzzz235278043-768x755.jpg 768w, https:\/\/www.crossprensa.com.ar\/news\/wp-content\/uploads\/2015\/08\/zzzzzz235278043-80x80.jpg 80w, https:\/\/www.crossprensa.com.ar\/news\/wp-content\/uploads\/2015\/08\/zzzzzz235278043-75x75.jpg 75w, https:\/\/www.crossprensa.com.ar\/news\/wp-content\/uploads\/2015\/08\/zzzzzz235278043-750x737.jpg 750w, https:\/\/www.crossprensa.com.ar\/news\/wp-content\/uploads\/2015\/08\/zzzzzz235278043.jpg 809w\" sizes=\"(max-width: 407px) 100vw, 407px\" \/><\/a><\/p>\n","protected":false},"excerpt":{"rendered":"<p>El piloto belga 5 veces campe\u00f3n del Mundo de Motocross, ser\u00e1 el nuevo director deportivo&#8230;<\/p>\n","protected":false},"author":2,"featured_media":0,"comment_status":"open","ping_status":"open","sticky":false,"template":"","format":"standard","meta":{"om_disable_all_campaigns":false,"_monsterinsights_skip_tracking":false,"_monsterinsights_sitenote_active":false,"_monsterinsights_sitenote_note":"","_monsterinsights_sitenote_category":0,"_uf_show_specific_survey":0,"_uf_disable_surveys":false,"footnotes":""},"categories":[7,24,1],"tags":[5],"class_list":["post-13718","post","type-post","status-publish","format-standard","hentry","category-mx","category-mxgp","category-sin-categoria","tag-slice"],"aioseo_notices":[],"_links":{"self":[{"href":"https:\/\/www.crossprensa.com.ar\/news\/wp-json\/wp\/v2\/posts\/13718","targetHints":{"allow":["GET"]}}],"collection":[{"href":"https:\/\/www.crossprensa.com.ar\/news\/wp-json\/wp\/v2\/posts"}],"about":[{"href":"https:\/\/www.crossprensa.com.ar\/news\/wp-json\/wp\/v2\/types\/post"}],"author":[{"embeddable":true,"href":"https:\/\/www.crossprensa.com.ar\/news\/wp-json\/wp\/v2\/users\/2"}],"replies":[{"embeddable":true,"href":"https:\/\/www.crossprensa.com.ar\/news\/wp-json\/wp\/v2\/comments?post=13718"}],"version-history":[{"count":2,"href":"https:\/\/www.crossprensa.com.ar\/news\/wp-json\/wp\/v2\/posts\/13718\/revisions"}],"predecessor-version":[{"id":13722,"href":"https:\/\/www.crossprensa.com.ar\/news\/wp-json\/wp\/v2\/posts\/13718\/revisions\/13722"}],"wp:attachment":[{"href":"https:\/\/www.crossprensa.com.ar\/news\/wp-json\/wp\/v2\/media?parent=13718"}],"wp:term":[{"taxonomy":"category","embeddable":true,"href":"https:\/\/www.crossprensa.com.ar\/news\/wp-json\/wp\/v2\/categories?post=13718"},{"taxonomy":"post_tag","embeddable":true,"href":"https:\/\/www.crossprensa.com.ar\/news\/wp-json\/wp\/v2\/tags?post=13718"}],"curies":[{"name":"wp","href":"https:\/\/api.w.org\/{rel}","templated":true}]}}