{"id":13322,"date":"2015-08-04T16:27:09","date_gmt":"2015-08-04T19:27:09","guid":{"rendered":"http:\/\/www.crossprensa.com.ar\/news\/?p=13322"},"modified":"2015-08-04T16:27:09","modified_gmt":"2015-08-04T19:27:09","slug":"bayle-sobre-rv-no-es-digno-de-un-gran-campeon","status":"publish","type":"post","link":"https:\/\/www.crossprensa.com.ar\/news\/bayle-sobre-rv-no-es-digno-de-un-gran-campeon\/mx\/","title":{"rendered":"Bayle sobre RV: No es digno de un gran campe\u00f3n."},"content":{"rendered":"<p>Dijo Jean Michel Bayle:\u00a0&#8220;Un final lamentable, no es digno de un gran campe\u00f3n&#8221;<\/p>\n<p>La leyenda del Motocross franc\u00e9s y mundial, Jean Michel Bayle, opin\u00f3 de manera muy dura sobre el retiro de Ryan Villopoto, y realmente vale la pena compartir lo que dijo y saber qu\u00e9 opinan ustedes.<\/p>\n<blockquote><p><!--more--><br \/>\nAs\u00ed respondi\u00f3 el multi campe\u00f3n del mundo sobre el retiro de RV2:<br \/>\n&#8220;Me gust\u00f3 cuando \u00e9l decidi\u00f3 tomar el desaf\u00edo de venir a Eur<span class=\"text_exposed_show\">opa, me gustaba verlo luchar en cada carrera con dificultad. Incluso para mi cada carrera se la llevaba \u00e9l, aunque fuese una derrota&#8221; comentaba amablemente JMB, <\/span><\/p>\n<h3><span class=\"text_exposed_show\">PERO&#8230;..<\/p>\n<p>&#8220;Hoy me parece un final lamentable, no es digno de un gran campe\u00f3n. \u00c9l podr\u00eda haber terminado la temporada en el MXGP de USA y despedir al mundo del motoclisimo desde el podio, porque normalmente los estadounidenses est\u00e1n acostumbrados al escenario hermoso como en Hollywood.<br \/>\nEl final de todo esto me parece rid\u00edculo y demuestra porqu\u00e9 no ha tenido \u00e9xito en Europa.&#8221; Al final, el actual manager en Honda HRC cerraba su respuesta con la siguiente frase: &#8220;La humildad es la base de un corredor, pero tambi\u00e9n saber c\u00f3mo perder es importante&#8221;<\/span><\/h3>\n<\/blockquote>\n<p>Nota: Pasi\u00f3n por el MX.<\/p>\n","protected":false},"excerpt":{"rendered":"<p>Dijo Jean Michel Bayle:\u00a0&#8220;Un final lamentable, no es digno de un gran campe\u00f3n&#8221; La leyenda&#8230;<\/p>\n","protected":false},"author":2,"featured_media":0,"comment_status":"open","ping_status":"open","sticky":false,"template":"","format":"standard","meta":{"om_disable_all_campaigns":false,"_monsterinsights_skip_tracking":false,"_monsterinsights_sitenote_active":false,"_monsterinsights_sitenote_note":"","_monsterinsights_sitenote_category":0,"_uf_show_specific_survey":0,"_uf_disable_surveys":false,"footnotes":""},"categories":[7,24,8],"tags":[5],"class_list":["post-13322","post","type-post","status-publish","format-standard","hentry","category-mx","category-mxgp","category-sx","tag-slice"],"aioseo_notices":[],"_links":{"self":[{"href":"https:\/\/www.crossprensa.com.ar\/news\/wp-json\/wp\/v2\/posts\/13322","targetHints":{"allow":["GET"]}}],"collection":[{"href":"https:\/\/www.crossprensa.com.ar\/news\/wp-json\/wp\/v2\/posts"}],"about":[{"href":"https:\/\/www.crossprensa.com.ar\/news\/wp-json\/wp\/v2\/types\/post"}],"author":[{"embeddable":true,"href":"https:\/\/www.crossprensa.com.ar\/news\/wp-json\/wp\/v2\/users\/2"}],"replies":[{"embeddable":true,"href":"https:\/\/www.crossprensa.com.ar\/news\/wp-json\/wp\/v2\/comments?post=13322"}],"version-history":[{"count":1,"href":"https:\/\/www.crossprensa.com.ar\/news\/wp-json\/wp\/v2\/posts\/13322\/revisions"}],"predecessor-version":[{"id":13324,"href":"https:\/\/www.crossprensa.com.ar\/news\/wp-json\/wp\/v2\/posts\/13322\/revisions\/13324"}],"wp:attachment":[{"href":"https:\/\/www.crossprensa.com.ar\/news\/wp-json\/wp\/v2\/media?parent=13322"}],"wp:term":[{"taxonomy":"category","embeddable":true,"href":"https:\/\/www.crossprensa.com.ar\/news\/wp-json\/wp\/v2\/categories?post=13322"},{"taxonomy":"post_tag","embeddable":true,"href":"https:\/\/www.crossprensa.com.ar\/news\/wp-json\/wp\/v2\/tags?post=13322"}],"curies":[{"name":"wp","href":"https:\/\/api.w.org\/{rel}","templated":true}]}}