{"id":13249,"date":"2015-07-30T18:10:50","date_gmt":"2015-07-30T21:10:50","guid":{"rendered":"http:\/\/www.crossprensa.com.ar\/news\/?p=13249"},"modified":"2015-07-30T18:10:50","modified_gmt":"2015-07-30T21:10:50","slug":"villopoto-en-lommel","status":"publish","type":"post","link":"https:\/\/www.crossprensa.com.ar\/news\/villopoto-en-lommel\/mxgp\/","title":{"rendered":"VILLOPOTO EN LOMMEL!"},"content":{"rendered":"<p><strong><span class=\"goog-text-highlight\">Unas semanas despu\u00e9s de que anunci\u00f3 su retiro del deporte, la\u00a0estrella del MX Ryan Villopoto asistir\u00e1 a la decimocuarta fecha\u00a0del \u00a0Campeonato del Mundo de MotocrossFIM en Lommel en B\u00e9lgica este fin de semana.<\/span><\/strong><\/p>\n<p><!--more--><\/p>\n<p>Por supuesto Ryan no competir\u00e1 a bordo de su Kawasaki, ya que el\u00a0diez veces campe\u00f3n de Estados Unidos ha guardado\u00a0sus botas despu\u00e9s de sufrir una lesi\u00f3n en el GP de Trentino en abril. Pero Ryan ha decidido volar a Europa para asistir al GP de Limburgo y otros eventos donde se reunir\u00e1 con miles de aficionados y por supuesto sus socios desde hace mucho tiempo.Lommel no es un lugar desconocido para \u00e9l porque entren\u00f3 mucho en la etapa\u00a0anterior a esta temporada, estando\u00a0all\u00ed en varias ocasiones durante su breve carrera en Europa. Ryan, por supuesto, visitar\u00e1 el Monster Energy Team Kawasaki Racing en Lommel, donde tambi\u00e9n apoyar\u00e1 amigo de mucho tiempo Tyla Rattray. \u00c9l estar\u00e1 disponible para firmar aut\u00f3grafos para los aficionados (el calendario de las sesiones se publicar\u00e1 en el toldo KRT en el paddock) durante el fin de semana; ser\u00e1 uno de los invitados como comentarista de televisi\u00f3n junto a Paul Malin en el Estudio Show, dar\u00e1 una conferencia de prensa el s\u00e1bado por la tarde y tambi\u00e9n se unir\u00e1 a los pilotos en la plataforma Monster el domingo a las 10.15 horas.<\/p>\n<h3>Ryan Villopoto:<\/h3>\n<blockquote>\n<p style=\"text-align: justify;\">&#8221; <em>Volvier\u00a0a B\u00e9lgica esta semana es agridulce. Fue nuestra base por un par de meses a principios de a\u00f1o, por lo que ser\u00e1 agradable volver y decir adi\u00f3s a las personas que nos ayudaron. Por desgracia, el a\u00f1o no sali\u00f3 seg\u00fan lo planeado, pero estaba a la espera de la carrera de Lommel, es una pista dif\u00edcil &#8230; una especie de Southwick en los EE.UU., pero con arena a\u00fan m\u00e1s profunda, pero siempre me ha gustado correr\u00a0en ese piso, as\u00ed que habr\u00eda sido divertido Estoy emocionado de ver a mi equipo.. y a los aficionados y esperamos verlos a todos este fin de semana &#8220;.<\/em><\/p>\n<\/blockquote>\n<h3>Steve Guttridge (Kawasaki Racing Europa Manager):<\/h3>\n<blockquote>\n<p style=\"text-align: justify;\">&#8221; <em>Es emocionante darle la \u00a0bienvenida RV y que vuelva a Europa. <\/em><em><span class=\"goog-text-highlight\">En su nuevo papel , va a ser m\u00e1s relajado y dar\u00e1 un mont\u00f3n de buenos consejos para el equipo, nuestros pilotos, la prensa y en \u00faltima instancia a sus fans<\/span><\/em><span class=\"goog-text-highlight\"> &#8220;. <\/span><\/p>\n<\/blockquote>\n<h3><span class=\"goog-text-highlight\">Fran\u00e7ois Lemariey (director del equipo KRT): <\/span><\/h3>\n<blockquote>\n<p style=\"text-align: justify;\"><span class=\"goog-text-highlight\">&#8221; <\/span><em><span class=\"goog-text-highlight\">Ser\u00e1 muy bueno para el Monster Energy Team y los miembros del equipo KRT \u00a0reunirse con Ryan de nuevo, ya que todos disfrutamos trabajando con \u00e9l a principios de esta temporada. <\/span><\/em><em>Por desgracia nuestra historia de carreras termin\u00f3 demasiado pronto, pero eso es tambi\u00e9n parte de las carreras &#8220;.<\/em><\/p>\n<\/blockquote>\n","protected":false},"excerpt":{"rendered":"<p>Unas semanas despu\u00e9s de que anunci\u00f3 su retiro del deporte, la\u00a0estrella del MX Ryan Villopoto&#8230;<\/p>\n","protected":false},"author":2,"featured_media":0,"comment_status":"open","ping_status":"open","sticky":false,"template":"","format":"standard","meta":{"om_disable_all_campaigns":false,"_monsterinsights_skip_tracking":false,"_monsterinsights_sitenote_active":false,"_monsterinsights_sitenote_note":"","_monsterinsights_sitenote_category":0,"_uf_show_specific_survey":0,"_uf_disable_surveys":false,"footnotes":""},"categories":[24],"tags":[5],"class_list":["post-13249","post","type-post","status-publish","format-standard","hentry","category-mxgp","tag-slice"],"aioseo_notices":[],"_links":{"self":[{"href":"https:\/\/www.crossprensa.com.ar\/news\/wp-json\/wp\/v2\/posts\/13249","targetHints":{"allow":["GET"]}}],"collection":[{"href":"https:\/\/www.crossprensa.com.ar\/news\/wp-json\/wp\/v2\/posts"}],"about":[{"href":"https:\/\/www.crossprensa.com.ar\/news\/wp-json\/wp\/v2\/types\/post"}],"author":[{"embeddable":true,"href":"https:\/\/www.crossprensa.com.ar\/news\/wp-json\/wp\/v2\/users\/2"}],"replies":[{"embeddable":true,"href":"https:\/\/www.crossprensa.com.ar\/news\/wp-json\/wp\/v2\/comments?post=13249"}],"version-history":[{"count":1,"href":"https:\/\/www.crossprensa.com.ar\/news\/wp-json\/wp\/v2\/posts\/13249\/revisions"}],"predecessor-version":[{"id":13252,"href":"https:\/\/www.crossprensa.com.ar\/news\/wp-json\/wp\/v2\/posts\/13249\/revisions\/13252"}],"wp:attachment":[{"href":"https:\/\/www.crossprensa.com.ar\/news\/wp-json\/wp\/v2\/media?parent=13249"}],"wp:term":[{"taxonomy":"category","embeddable":true,"href":"https:\/\/www.crossprensa.com.ar\/news\/wp-json\/wp\/v2\/categories?post=13249"},{"taxonomy":"post_tag","embeddable":true,"href":"https:\/\/www.crossprensa.com.ar\/news\/wp-json\/wp\/v2\/tags?post=13249"}],"curies":[{"name":"wp","href":"https:\/\/api.w.org\/{rel}","templated":true}]}}