{"id":12851,"date":"2015-07-16T16:33:54","date_gmt":"2015-07-16T19:33:54","guid":{"rendered":"http:\/\/www.crossprensa.com.ar\/news\/?p=12851"},"modified":"2015-07-16T16:33:54","modified_gmt":"2015-07-16T19:33:54","slug":"mundial-mx-junior-espana","status":"publish","type":"post","link":"https:\/\/www.crossprensa.com.ar\/news\/mundial-mx-junior-espana\/mx\/","title":{"rendered":"Mundial MX Junior &#8211; Espa\u00f1a"},"content":{"rendered":"<p style=\"text-align: justify;\">Este fin de semana estaremos EN VIVO y a fondo, siguiendo el trabajo de Benjam\u00edn Cassano en Espa\u00f1a, ya que se har\u00e1 presente en el Campeonato Mundial Junior, en el circuito El Molar de Madrir. Junto a Maneco Molinari como mec\u00e1nico y a su padre C\u00e9sar, desde el Martes est\u00e1n en Sevilla poniendo todo a punto. Aqui, te mostramos la pista.<\/p>\n<p style=\"text-align: justify;\">Desde Crossprensa le deseamos la mejor suerte!<\/p>\n<p><!--more--><\/p>\n<p><a href=\"http:\/\/www.crossprensa.com.ar\/news\/wp-content\/uploads\/2015\/07\/LastChance65ccm_MxJu4D1EFA.jpg\"><img fetchpriority=\"high\" decoding=\"async\" class=\"aligncenter size-large wp-image-12853\" src=\"http:\/\/www.crossprensa.com.ar\/news\/wp-content\/uploads\/2015\/07\/LastChance65ccm_MxJu4D1EFA-569x400.jpg\" alt=\"LastChance65ccm_MxJu#4D1EFA\" width=\"569\" height=\"400\" \/><\/a><\/p>\n<p>&nbsp;<\/p>\n<p><a href=\"http:\/\/www.crossprensa.com.ar\/news\/wp-content\/uploads\/2015\/07\/zzzzzz23_n2.jpg\"><img decoding=\"async\" class=\"aligncenter size-large wp-image-12854\" src=\"http:\/\/www.crossprensa.com.ar\/news\/wp-content\/uploads\/2015\/07\/zzzzzz23_n2-566x400.jpg\" alt=\"zzzzzz23_n\" width=\"566\" height=\"400\" \/><\/a><\/p>\n<p>&nbsp;<\/p>\n<p><a href=\"http:\/\/www.crossprensa.com.ar\/news\/wp-content\/uploads\/2015\/07\/zzzzzz29_n1.jpg\"><img decoding=\"async\" class=\"aligncenter  wp-image-12855\" src=\"http:\/\/www.crossprensa.com.ar\/news\/wp-content\/uploads\/2015\/07\/zzzzzz29_n1-598x400.jpg\" alt=\"zzzzzz29_n\" width=\"571\" height=\"382\" \/><\/a><\/p>\n<p>&nbsp;<\/p>\n","protected":false},"excerpt":{"rendered":"<p>Este fin de semana estaremos EN VIVO y a fondo, siguiendo el trabajo de Benjam\u00edn&#8230;<\/p>\n","protected":false},"author":2,"featured_media":0,"comment_status":"open","ping_status":"open","sticky":false,"template":"","format":"standard","meta":{"om_disable_all_campaigns":false,"_monsterinsights_skip_tracking":false,"_monsterinsights_sitenote_active":false,"_monsterinsights_sitenote_note":"","_monsterinsights_sitenote_category":0,"_uf_show_specific_survey":0,"_uf_disable_surveys":false,"footnotes":""},"categories":[7,24],"tags":[5],"class_list":["post-12851","post","type-post","status-publish","format-standard","hentry","category-mx","category-mxgp","tag-slice"],"aioseo_notices":[],"_links":{"self":[{"href":"https:\/\/www.crossprensa.com.ar\/news\/wp-json\/wp\/v2\/posts\/12851","targetHints":{"allow":["GET"]}}],"collection":[{"href":"https:\/\/www.crossprensa.com.ar\/news\/wp-json\/wp\/v2\/posts"}],"about":[{"href":"https:\/\/www.crossprensa.com.ar\/news\/wp-json\/wp\/v2\/types\/post"}],"author":[{"embeddable":true,"href":"https:\/\/www.crossprensa.com.ar\/news\/wp-json\/wp\/v2\/users\/2"}],"replies":[{"embeddable":true,"href":"https:\/\/www.crossprensa.com.ar\/news\/wp-json\/wp\/v2\/comments?post=12851"}],"version-history":[{"count":1,"href":"https:\/\/www.crossprensa.com.ar\/news\/wp-json\/wp\/v2\/posts\/12851\/revisions"}],"predecessor-version":[{"id":12856,"href":"https:\/\/www.crossprensa.com.ar\/news\/wp-json\/wp\/v2\/posts\/12851\/revisions\/12856"}],"wp:attachment":[{"href":"https:\/\/www.crossprensa.com.ar\/news\/wp-json\/wp\/v2\/media?parent=12851"}],"wp:term":[{"taxonomy":"category","embeddable":true,"href":"https:\/\/www.crossprensa.com.ar\/news\/wp-json\/wp\/v2\/categories?post=12851"},{"taxonomy":"post_tag","embeddable":true,"href":"https:\/\/www.crossprensa.com.ar\/news\/wp-json\/wp\/v2\/tags?post=12851"}],"curies":[{"name":"wp","href":"https:\/\/api.w.org\/{rel}","templated":true}]}}