{"id":12728,"date":"2015-07-10T22:13:54","date_gmt":"2015-07-11T01:13:54","guid":{"rendered":"http:\/\/www.crossprensa.com.ar\/news\/?p=12728"},"modified":"2015-07-10T22:14:24","modified_gmt":"2015-07-11T01:14:24","slug":"kawasaki-complicado","status":"publish","type":"post","link":"https:\/\/www.crossprensa.com.ar\/news\/kawasaki-complicado\/mx\/","title":{"rendered":"Kawasaki complicado."},"content":{"rendered":"<p style=\"text-align: justify;\">Un a\u00f1o que comenz\u00f3 como quiz\u00e1s brillante en todo el planeta para la marca, de a poco fue cambiando de color, o mejor dicho bajando el brillo. Son carreras, lo sabemos, pero la mala suerte acompa\u00f1\u00f3 a los equipos oficiales de Kawasaki en todos los campeonatos importantes. Igualmente, sabemos del poder de reacci\u00f3n de las motos verdes y quienes dirigen su destino deportivo. Reemplazos y faltas, as\u00ed vienen.<\/p>\n<p style=\"text-align: justify;\"><!--more--><\/p>\n<p style=\"text-align: justify;\">Por el lado del mundial, ya sabemos lo que ocurri\u00f3 con Villopoto, pero\u00a0STEVEN FROSSARD REEMPLAZAR\u00c1 A VILLOPOTO (foto de tapa):<\/p>\n<p>As\u00ed lo ha anunciado Kawasaki Monster Energy Europa \u00e9sta ma\u00f1ana, integrando en tiempo r\u00e9cord al franc\u00e9s para que dispute las\u00a0carreras\u00a0restantes junto con Tyla Rattray (otro que se retire a fin de a\u00f1o).<br \/>\nFrossard el a\u00f1o pasado form\u00f3 parte del equipo y llev\u00f3 junto con, Gautier Paulin y Dylan Ferrandis, la bandera de Francia a lo m\u00e1s alto del podio en el Motocr<span class=\"text_exposed_show\">oss de las naciones 2014.<br \/>\nPor lo que no ser\u00e1 problema adaptarse nuevamente a la moto.<br \/>\nThierry Chizat Suzzoni (due\u00f1o del equipo): <\/span><\/p>\n<blockquote><p><span class=\"text_exposed_show\">&#8220;Estamos muy contentos de ver a Steven de vuelta con nosotros para el resto de la temporada. Llegamos a un acuerdo con el apoyo de Kawasaki, y reemplazaremos a Ryan Villopoto para estas carreras. Sabemos que Steven va muy bien, por supuesto, por lo que ser\u00e1 f\u00e1cil para \u00e9l encontrarse a s\u00ed mismo nuevamente en la KXF 450 dentro de unos pocos d\u00edas; \u00e9l tiene un &#8220;gran coraz\u00f3n&#8221; y sabemos que va a dar lo mejor.&#8221;<\/span><\/p><\/blockquote>\n<p style=\"text-align: justify;\">Respecto del AMA MX<\/p>\n<p style=\"text-align: justify;\">El retiro de Villopoto, los problemas con Millsaps, Reed cierra las puertas de su equipo, Cianciarulo lesionado&#8230;y ahora el \u00fanico piloto que les quedaba disponible en la categor\u00eda m\u00e1xima sufre un accidente entrenando.<\/p>\n<p>Luego de perderse todas las fechas de Supercross por una ca\u00edda en la tanda de entrenamientos en la ronda de apertura en Anaheim 1, y fracturarse <span class=\"text_exposed_show\">ambos brazos y algunas v\u00e9rtebras; Hahn, estaba retomando ritmo en la temporada de Motocross pero una nueva lesi\u00f3n se acaba de presentar, esta vez, en sus costillas y por lo tanto no estar\u00e1 presente \u00e9ste fin de semana en Miliville, por lo que se espera que su regreso sea para la fecha diez en Unadilla.<\/span><\/p>\n<p>Seg\u00fan coment\u00f3 el equipo en el comunicado de prensa, evaluar\u00e1n la posibilidad de poner un reemplazo para las fechas finales. Quiz\u00e1s una de las opciones sea Kyle Chisholm.<\/p>\n","protected":false},"excerpt":{"rendered":"<p>Un a\u00f1o que comenz\u00f3 como quiz\u00e1s brillante en todo el planeta para la marca, de&#8230;<\/p>\n","protected":false},"author":2,"featured_media":0,"comment_status":"open","ping_status":"open","sticky":false,"template":"","format":"standard","meta":{"om_disable_all_campaigns":false,"_monsterinsights_skip_tracking":false,"_monsterinsights_sitenote_active":false,"_monsterinsights_sitenote_note":"","_monsterinsights_sitenote_category":0,"_uf_show_specific_survey":0,"_uf_disable_surveys":false,"footnotes":""},"categories":[7,24,8],"tags":[6],"class_list":["post-12728","post","type-post","status-publish","format-standard","hentry","category-mx","category-mxgp","category-sx","tag-text"],"aioseo_notices":[],"_links":{"self":[{"href":"https:\/\/www.crossprensa.com.ar\/news\/wp-json\/wp\/v2\/posts\/12728","targetHints":{"allow":["GET"]}}],"collection":[{"href":"https:\/\/www.crossprensa.com.ar\/news\/wp-json\/wp\/v2\/posts"}],"about":[{"href":"https:\/\/www.crossprensa.com.ar\/news\/wp-json\/wp\/v2\/types\/post"}],"author":[{"embeddable":true,"href":"https:\/\/www.crossprensa.com.ar\/news\/wp-json\/wp\/v2\/users\/2"}],"replies":[{"embeddable":true,"href":"https:\/\/www.crossprensa.com.ar\/news\/wp-json\/wp\/v2\/comments?post=12728"}],"version-history":[{"count":2,"href":"https:\/\/www.crossprensa.com.ar\/news\/wp-json\/wp\/v2\/posts\/12728\/revisions"}],"predecessor-version":[{"id":12731,"href":"https:\/\/www.crossprensa.com.ar\/news\/wp-json\/wp\/v2\/posts\/12728\/revisions\/12731"}],"wp:attachment":[{"href":"https:\/\/www.crossprensa.com.ar\/news\/wp-json\/wp\/v2\/media?parent=12728"}],"wp:term":[{"taxonomy":"category","embeddable":true,"href":"https:\/\/www.crossprensa.com.ar\/news\/wp-json\/wp\/v2\/categories?post=12728"},{"taxonomy":"post_tag","embeddable":true,"href":"https:\/\/www.crossprensa.com.ar\/news\/wp-json\/wp\/v2\/tags?post=12728"}],"curies":[{"name":"wp","href":"https:\/\/api.w.org\/{rel}","templated":true}]}}