{"id":12601,"date":"2015-07-04T01:17:33","date_gmt":"2015-07-04T04:17:33","guid":{"rendered":"http:\/\/www.crossprensa.com.ar\/news\/?p=12601"},"modified":"2015-07-04T02:21:16","modified_gmt":"2015-07-04T05:21:16","slug":"crf-2017-arranque-electrico","status":"publish","type":"post","link":"https:\/\/www.crossprensa.com.ar\/news\/crf-2017-arranque-electrico\/mx\/","title":{"rendered":"CRF 2017 &#8211; ARRANQUE ELECTRICO."},"content":{"rendered":"<p>Como siempre, el campeonato japon\u00e9s es una ventana al futuro del motocross mundial. Esta vez, se les escap\u00f3 delante de las c\u00e1maras, la CRF con arranque el\u00e9ctrico&#8230; Y donde la ibas a ver primero&#8230; CON VIDEO!<\/p>\n<p><!--more--><\/p>\n<p>Nobleza obliga: Gracias Pasi\u00f3n por el MX.<\/p>\n<p><iframe title=\"CRF450R 2017!? \u30d5\u30a1\u30af\u30c8\u30ea\u30fc\u5148\u884c\u8eca\u30c7\u30d3\u30e5\u30fc\uff01\u3000\u30bb\u30eb\u59cb\u52d5\u306e\u77ac\u9593\u3000CRF450R with e-starter maybe 2017  by Kenji Ohshima DIRTSPORTS\" width=\"640\" height=\"360\" src=\"https:\/\/www.youtube.com\/embed\/H9dMr7UZBgw?feature=oembed\" frameborder=\"0\" allow=\"accelerometer; autoplay; clipboard-write; encrypted-media; gyroscope; picture-in-picture; web-share\" referrerpolicy=\"strict-origin-when-cross-origin\" allowfullscreen><\/iframe><\/p>\n<p>&nbsp;<\/p>\n<p>&nbsp;<\/p>\n<p><a href=\"http:\/\/www.crossprensa.com.ar\/news\/wp-content\/uploads\/2015\/07\/zzzzzz23527681_n2.jpg\"><img fetchpriority=\"high\" decoding=\"async\" class=\"aligncenter size-large wp-image-12607\" src=\"http:\/\/www.crossprensa.com.ar\/news\/wp-content\/uploads\/2015\/07\/zzzzzz23527681_n2-598x400.jpg\" alt=\"zzzzzz23527681_n\" width=\"598\" height=\"400\" \/><\/a><\/p>\n<p><a href=\"http:\/\/www.crossprensa.com.ar\/news\/wp-content\/uploads\/2015\/07\/zzzzzz23527682_n2.jpg\"><img decoding=\"async\" class=\"aligncenter size-large wp-image-12608\" src=\"http:\/\/www.crossprensa.com.ar\/news\/wp-content\/uploads\/2015\/07\/zzzzzz23527682_n2-598x400.jpg\" alt=\"zzzzzz23527682_n\" width=\"598\" height=\"400\" \/><\/a><\/p>\n<p><a href=\"http:\/\/www.crossprensa.com.ar\/news\/wp-content\/uploads\/2015\/07\/zzzzzz23527683_n.jpg\"><img decoding=\"async\" class=\"aligncenter size-large wp-image-12609\" src=\"http:\/\/www.crossprensa.com.ar\/news\/wp-content\/uploads\/2015\/07\/zzzzzz23527683_n-598x400.jpg\" alt=\"zzzzzz23527683_n\" width=\"598\" height=\"400\" \/><\/a><\/p>\n","protected":false},"excerpt":{"rendered":"<p>Como siempre, el campeonato japon\u00e9s es una ventana al futuro del motocross mundial. Esta vez,&#8230;<\/p>\n","protected":false},"author":2,"featured_media":0,"comment_status":"open","ping_status":"open","sticky":false,"template":"","format":"standard","meta":{"om_disable_all_campaigns":false,"_monsterinsights_skip_tracking":false,"_monsterinsights_sitenote_active":false,"_monsterinsights_sitenote_note":"","_monsterinsights_sitenote_category":0,"_uf_show_specific_survey":0,"_uf_disable_surveys":false,"footnotes":""},"categories":[7,24],"tags":[5],"class_list":["post-12601","post","type-post","status-publish","format-standard","hentry","category-mx","category-mxgp","tag-slice"],"aioseo_notices":[],"_links":{"self":[{"href":"https:\/\/www.crossprensa.com.ar\/news\/wp-json\/wp\/v2\/posts\/12601","targetHints":{"allow":["GET"]}}],"collection":[{"href":"https:\/\/www.crossprensa.com.ar\/news\/wp-json\/wp\/v2\/posts"}],"about":[{"href":"https:\/\/www.crossprensa.com.ar\/news\/wp-json\/wp\/v2\/types\/post"}],"author":[{"embeddable":true,"href":"https:\/\/www.crossprensa.com.ar\/news\/wp-json\/wp\/v2\/users\/2"}],"replies":[{"embeddable":true,"href":"https:\/\/www.crossprensa.com.ar\/news\/wp-json\/wp\/v2\/comments?post=12601"}],"version-history":[{"count":4,"href":"https:\/\/www.crossprensa.com.ar\/news\/wp-json\/wp\/v2\/posts\/12601\/revisions"}],"predecessor-version":[{"id":12610,"href":"https:\/\/www.crossprensa.com.ar\/news\/wp-json\/wp\/v2\/posts\/12601\/revisions\/12610"}],"wp:attachment":[{"href":"https:\/\/www.crossprensa.com.ar\/news\/wp-json\/wp\/v2\/media?parent=12601"}],"wp:term":[{"taxonomy":"category","embeddable":true,"href":"https:\/\/www.crossprensa.com.ar\/news\/wp-json\/wp\/v2\/categories?post=12601"},{"taxonomy":"post_tag","embeddable":true,"href":"https:\/\/www.crossprensa.com.ar\/news\/wp-json\/wp\/v2\/tags?post=12601"}],"curies":[{"name":"wp","href":"https:\/\/api.w.org\/{rel}","templated":true}]}}