{"id":12597,"date":"2015-07-03T21:51:51","date_gmt":"2015-07-04T00:51:51","guid":{"rendered":"http:\/\/www.crossprensa.com.ar\/news\/?p=12597"},"modified":"2015-07-03T22:41:22","modified_gmt":"2015-07-04T01:41:22","slug":"herling-larga-en-suecia","status":"publish","type":"post","link":"https:\/\/www.crossprensa.com.ar\/news\/herling-larga-en-suecia\/mx\/","title":{"rendered":"Herlings larga en Suecia."},"content":{"rendered":"<p>Luego de la fractura de clav\u00edcula que sufriera en el GP de Alemania, el piloto oficial de KTM Jeffery Herlings, anunci\u00f3 hoy que va a estar corriendo para defender los puntos. Como le arreglaron la clav\u00edcula? Te lo mostramos en la nota.<\/p>\n<p><!--more--><\/p>\n<p>Que plantel de pilotos comprometidos que tiene KTM. Cairoli que con un brazo totalmente NEGRO de la lesi\u00f3n que sufri\u00f3, y Herlings con esa fractura, ninguno de los dos se baj\u00f3 de la moto&#8230; Es para aplaudirlos sin dudas.<\/p>\n<p>Hoy Herling en su cuenta de instagram dijo que va a estar presente en el GP de Suecia en Udevalla, para defender esa ventaja de 100 puntos que lleva.<\/p>\n<p><a href=\"http:\/\/www.crossprensa.com.ar\/news\/wp-content\/uploads\/2015\/07\/zzzzzz23527681_n1.jpg\"><img fetchpriority=\"high\" decoding=\"async\" class=\"aligncenter size-large wp-image-12598\" src=\"http:\/\/www.crossprensa.com.ar\/news\/wp-content\/uploads\/2015\/07\/zzzzzz23527681_n1-620x295.jpg\" alt=\"zzzzzz23527681_n\" width=\"620\" height=\"295\" \/><\/a><\/p>\n","protected":false},"excerpt":{"rendered":"<p>Luego de la fractura de clav\u00edcula que sufriera en el GP de Alemania, el piloto&#8230;<\/p>\n","protected":false},"author":2,"featured_media":0,"comment_status":"open","ping_status":"open","sticky":false,"template":"","format":"standard","meta":{"om_disable_all_campaigns":false,"_monsterinsights_skip_tracking":false,"_monsterinsights_sitenote_active":false,"_monsterinsights_sitenote_note":"","_monsterinsights_sitenote_category":0,"_uf_show_specific_survey":0,"_uf_disable_surveys":false,"footnotes":""},"categories":[7,24],"tags":[5],"class_list":["post-12597","post","type-post","status-publish","format-standard","hentry","category-mx","category-mxgp","tag-slice"],"aioseo_notices":[],"_links":{"self":[{"href":"https:\/\/www.crossprensa.com.ar\/news\/wp-json\/wp\/v2\/posts\/12597","targetHints":{"allow":["GET"]}}],"collection":[{"href":"https:\/\/www.crossprensa.com.ar\/news\/wp-json\/wp\/v2\/posts"}],"about":[{"href":"https:\/\/www.crossprensa.com.ar\/news\/wp-json\/wp\/v2\/types\/post"}],"author":[{"embeddable":true,"href":"https:\/\/www.crossprensa.com.ar\/news\/wp-json\/wp\/v2\/users\/2"}],"replies":[{"embeddable":true,"href":"https:\/\/www.crossprensa.com.ar\/news\/wp-json\/wp\/v2\/comments?post=12597"}],"version-history":[{"count":2,"href":"https:\/\/www.crossprensa.com.ar\/news\/wp-json\/wp\/v2\/posts\/12597\/revisions"}],"predecessor-version":[{"id":12600,"href":"https:\/\/www.crossprensa.com.ar\/news\/wp-json\/wp\/v2\/posts\/12597\/revisions\/12600"}],"wp:attachment":[{"href":"https:\/\/www.crossprensa.com.ar\/news\/wp-json\/wp\/v2\/media?parent=12597"}],"wp:term":[{"taxonomy":"category","embeddable":true,"href":"https:\/\/www.crossprensa.com.ar\/news\/wp-json\/wp\/v2\/categories?post=12597"},{"taxonomy":"post_tag","embeddable":true,"href":"https:\/\/www.crossprensa.com.ar\/news\/wp-json\/wp\/v2\/tags?post=12597"}],"curies":[{"name":"wp","href":"https:\/\/api.w.org\/{rel}","templated":true}]}}