{"id":12588,"date":"2015-07-03T14:03:14","date_gmt":"2015-07-03T17:03:14","guid":{"rendered":"http:\/\/www.crossprensa.com.ar\/news\/?p=12588"},"modified":"2015-07-03T14:06:54","modified_gmt":"2015-07-03T17:06:54","slug":"benjamin-cassano-al-mundial-junior","status":"publish","type":"post","link":"https:\/\/www.crossprensa.com.ar\/news\/benjamin-cassano-al-mundial-junior\/mx\/","title":{"rendered":"Benjam\u00edn Cassano al Mundial Junior."},"content":{"rendered":"<p>El piloto de Bs. As. Benjam\u00edn Cassano estar\u00e1 presente en Madrid, en el circuito El Molar para la fecha \u00fanica del Mundial de Motocross Junior que se estar\u00e1 corriendo los d\u00edas 18 y 19 de Julio.<\/p>\n<p><!--more--><\/p>\n<p>A Benja lo estar\u00e1 acompa\u00f1ando su pap\u00e1 C\u00e9sar y el reconocido Juan Manuel &#8220;Maneco&#8221; Molinari (tambi\u00e9n conocido como acatamo). La moto es una Yamaha YZ 125 alquilada en Espa\u00f1a, pero con elementos que se preparan en M&amp;M como siempre para lograr la mejor performance. Estaremos siguiendo todo lo que el piloto Les Bleus Peugeot haga en Europa.<\/p>\n<p>Aclaramos que esta informaci\u00f3n la ten\u00edamos hace aproximadamente un mes, pero por respeto a un pedido especial la mantuvimos en silencio hasta que el propio piloto nos autoriz\u00f3 a publicarla.<\/p>\n<p><a href=\"http:\/\/www.crossprensa.com.ar\/news\/wp-content\/uploads\/2015\/07\/zzzzzz23527682_n.jpg\"><img fetchpriority=\"high\" decoding=\"async\" class=\"aligncenter size-large wp-image-12594\" src=\"http:\/\/www.crossprensa.com.ar\/news\/wp-content\/uploads\/2015\/07\/zzzzzz23527682_n-620x338.jpg\" alt=\"zzzzzz23527682_n\" width=\"620\" height=\"338\" \/><\/a><\/p>\n<p><a href=\"http:\/\/www.crossprensa.com.ar\/news\/wp-content\/uploads\/2015\/07\/10849217_10205886390784607_561122737_o.jpg\"><img decoding=\"async\" class=\"aligncenter size-large wp-image-12589\" src=\"http:\/\/www.crossprensa.com.ar\/news\/wp-content\/uploads\/2015\/07\/10849217_10205886390784607_561122737_o-620x319.jpg\" alt=\"10849217_10205886390784607_561122737_o\" width=\"620\" height=\"319\" \/><\/a><\/p>\n<p>&nbsp;<\/p>\n<p><a href=\"http:\/\/www.crossprensa.com.ar\/news\/wp-content\/uploads\/2015\/07\/zzzzzz23_n.jpg\"><img decoding=\"async\" class=\"aligncenter  wp-image-12591\" src=\"http:\/\/www.crossprensa.com.ar\/news\/wp-content\/uploads\/2015\/07\/zzzzzz23_n-566x400.jpg\" alt=\"zzzzzz23_n\" width=\"610\" height=\"431\" \/><\/a><\/p>\n","protected":false},"excerpt":{"rendered":"<p>El piloto de Bs. As. Benjam\u00edn Cassano estar\u00e1 presente en Madrid, en el circuito El&#8230;<\/p>\n","protected":false},"author":2,"featured_media":0,"comment_status":"open","ping_status":"open","sticky":false,"template":"","format":"standard","meta":{"om_disable_all_campaigns":false,"_monsterinsights_skip_tracking":false,"_monsterinsights_sitenote_active":false,"_monsterinsights_sitenote_note":"","_monsterinsights_sitenote_category":0,"_uf_show_specific_survey":0,"_uf_disable_surveys":false,"footnotes":""},"categories":[7,24],"tags":[5],"class_list":["post-12588","post","type-post","status-publish","format-standard","hentry","category-mx","category-mxgp","tag-slice"],"aioseo_notices":[],"_links":{"self":[{"href":"https:\/\/www.crossprensa.com.ar\/news\/wp-json\/wp\/v2\/posts\/12588","targetHints":{"allow":["GET"]}}],"collection":[{"href":"https:\/\/www.crossprensa.com.ar\/news\/wp-json\/wp\/v2\/posts"}],"about":[{"href":"https:\/\/www.crossprensa.com.ar\/news\/wp-json\/wp\/v2\/types\/post"}],"author":[{"embeddable":true,"href":"https:\/\/www.crossprensa.com.ar\/news\/wp-json\/wp\/v2\/users\/2"}],"replies":[{"embeddable":true,"href":"https:\/\/www.crossprensa.com.ar\/news\/wp-json\/wp\/v2\/comments?post=12588"}],"version-history":[{"count":4,"href":"https:\/\/www.crossprensa.com.ar\/news\/wp-json\/wp\/v2\/posts\/12588\/revisions"}],"predecessor-version":[{"id":12596,"href":"https:\/\/www.crossprensa.com.ar\/news\/wp-json\/wp\/v2\/posts\/12588\/revisions\/12596"}],"wp:attachment":[{"href":"https:\/\/www.crossprensa.com.ar\/news\/wp-json\/wp\/v2\/media?parent=12588"}],"wp:term":[{"taxonomy":"category","embeddable":true,"href":"https:\/\/www.crossprensa.com.ar\/news\/wp-json\/wp\/v2\/categories?post=12588"},{"taxonomy":"post_tag","embeddable":true,"href":"https:\/\/www.crossprensa.com.ar\/news\/wp-json\/wp\/v2\/tags?post=12588"}],"curies":[{"name":"wp","href":"https:\/\/api.w.org\/{rel}","templated":true}]}}